{"id":1626,"date":"2026-04-29T00:20:11","date_gmt":"2026-04-29T06:20:11","guid":{"rendered":"https:\/\/amanecerbajio.mx\/?p=1626"},"modified":"2026-04-29T00:20:28","modified_gmt":"2026-04-29T06:20:28","slug":"guanajuato-apuesta-por-la-participacion-ciudadana-con-nuevo-consejo-para-el-desarrollo-social","status":"publish","type":"post","link":"https:\/\/amanecerbajio.mx\/?p=1626","title":{"rendered":"Guanajuato apuesta por la participaci\u00f3n ciudadana con nuevo Consejo para el desarrollo social"},"content":{"rendered":"\n<ul class=\"wp-block-list\">\n<li><em>Autoridades, academia, iniciativa privada y sociedad civil unen esfuerzos para mejorar la calidad de vida en el estado.<\/em><\/li>\n<\/ul>\n\n\n\n<p><strong>Guanajuato, Gto., 28 de abril de 2026.\u2013<\/strong> La gobernadora Libia Dennise Garc\u00eda Mu\u00f1oz Ledo encabez\u00f3 la instalaci\u00f3n y primera sesi\u00f3n del Consejo Consultivo para el Desarrollo Social y Humano 2026\u20132029, un espacio que busca fortalecer la pol\u00edtica social a trav\u00e9s del di\u00e1logo y la colaboraci\u00f3n.<\/p>\n\n\n\n<p>Este nuevo \u00f3rgano se conforma como un punto de encuentro entre sociedad, academia, sector privado y gobierno, con el objetivo de generar propuestas y acompa\u00f1ar estrategias que impacten de manera positiva en la vida de las familias guanajuatenses.<\/p>\n\n\n\n<figure class=\"wp-block-gallery has-nested-images columns-default is-cropped wp-block-gallery-1 is-layout-flex wp-block-gallery-is-layout-flex\">\n<figure class=\"wp-block-image size-large\"><img decoding=\"async\" width=\"1024\" height=\"682\" data-id=\"1628\" src=\"https:\/\/amanecerbajio.mx\/wp-content\/uploads\/2026\/04\/Consejo-DSH4-1024x682.jpeg\" alt=\"\" class=\"wp-image-1628\" srcset=\"https:\/\/amanecerbajio.mx\/wp-content\/uploads\/2026\/04\/Consejo-DSH4-1024x682.jpeg 1024w, https:\/\/amanecerbajio.mx\/wp-content\/uploads\/2026\/04\/Consejo-DSH4-300x200.jpeg 300w, https:\/\/amanecerbajio.mx\/wp-content\/uploads\/2026\/04\/Consejo-DSH4-768x512.jpeg 768w, https:\/\/amanecerbajio.mx\/wp-content\/uploads\/2026\/04\/Consejo-DSH4-750x500.jpeg 750w, https:\/\/amanecerbajio.mx\/wp-content\/uploads\/2026\/04\/Consejo-DSH4-1140x760.jpeg 1140w, https:\/\/amanecerbajio.mx\/wp-content\/uploads\/2026\/04\/Consejo-DSH4.jpeg 1280w\" sizes=\"(max-width: 1024px) 100vw, 1024px\" \/><\/figure>\n\n\n\n<figure class=\"wp-block-image size-large\"><img decoding=\"async\" width=\"1024\" height=\"682\" data-id=\"1629\" src=\"https:\/\/amanecerbajio.mx\/wp-content\/uploads\/2026\/04\/Consejo-DSH5-1024x682.jpeg\" alt=\"\" class=\"wp-image-1629\" srcset=\"https:\/\/amanecerbajio.mx\/wp-content\/uploads\/2026\/04\/Consejo-DSH5-1024x682.jpeg 1024w, https:\/\/amanecerbajio.mx\/wp-content\/uploads\/2026\/04\/Consejo-DSH5-300x200.jpeg 300w, https:\/\/amanecerbajio.mx\/wp-content\/uploads\/2026\/04\/Consejo-DSH5-768x512.jpeg 768w, https:\/\/amanecerbajio.mx\/wp-content\/uploads\/2026\/04\/Consejo-DSH5-750x500.jpeg 750w, https:\/\/amanecerbajio.mx\/wp-content\/uploads\/2026\/04\/Consejo-DSH5-1140x760.jpeg 1140w, https:\/\/amanecerbajio.mx\/wp-content\/uploads\/2026\/04\/Consejo-DSH5.jpeg 1280w\" sizes=\"(max-width: 1024px) 100vw, 1024px\" \/><\/figure>\n\n\n\n<figure class=\"wp-block-image size-large\"><img decoding=\"async\" width=\"1024\" height=\"682\" data-id=\"1630\" src=\"https:\/\/amanecerbajio.mx\/wp-content\/uploads\/2026\/04\/Consejo-DSH6-1024x682.jpeg\" alt=\"\" class=\"wp-image-1630\" srcset=\"https:\/\/amanecerbajio.mx\/wp-content\/uploads\/2026\/04\/Consejo-DSH6-1024x682.jpeg 1024w, https:\/\/amanecerbajio.mx\/wp-content\/uploads\/2026\/04\/Consejo-DSH6-300x200.jpeg 300w, https:\/\/amanecerbajio.mx\/wp-content\/uploads\/2026\/04\/Consejo-DSH6-768x512.jpeg 768w, https:\/\/amanecerbajio.mx\/wp-content\/uploads\/2026\/04\/Consejo-DSH6-750x500.jpeg 750w, https:\/\/amanecerbajio.mx\/wp-content\/uploads\/2026\/04\/Consejo-DSH6-1140x760.jpeg 1140w, https:\/\/amanecerbajio.mx\/wp-content\/uploads\/2026\/04\/Consejo-DSH6.jpeg 1280w\" sizes=\"(max-width: 1024px) 100vw, 1024px\" \/><\/figure>\n\n\n\n<figure class=\"wp-block-image size-large\"><img decoding=\"async\" width=\"1024\" height=\"682\" data-id=\"1631\" src=\"https:\/\/amanecerbajio.mx\/wp-content\/uploads\/2026\/04\/Consejo-DSH7-1024x682.jpeg\" alt=\"\" class=\"wp-image-1631\" srcset=\"https:\/\/amanecerbajio.mx\/wp-content\/uploads\/2026\/04\/Consejo-DSH7-1024x682.jpeg 1024w, https:\/\/amanecerbajio.mx\/wp-content\/uploads\/2026\/04\/Consejo-DSH7-300x200.jpeg 300w, https:\/\/amanecerbajio.mx\/wp-content\/uploads\/2026\/04\/Consejo-DSH7-768x512.jpeg 768w, https:\/\/amanecerbajio.mx\/wp-content\/uploads\/2026\/04\/Consejo-DSH7-750x500.jpeg 750w, https:\/\/amanecerbajio.mx\/wp-content\/uploads\/2026\/04\/Consejo-DSH7-1140x760.jpeg 1140w, https:\/\/amanecerbajio.mx\/wp-content\/uploads\/2026\/04\/Consejo-DSH7.jpeg 1280w\" sizes=\"(max-width: 1024px) 100vw, 1024px\" \/><\/figure>\n<\/figure>\n\n\n\n<p>Durante el arranque de este consejo, la mandataria estatal subray\u00f3 la importancia de trabajar en equipo para construir un mejor estado, destacando que la participaci\u00f3n ciudadana es clave para entender y atender las necesidades reales de las comunidades.<\/p>\n\n\n\n<p>Por su parte, la titular de la Secretar\u00eda del Nuevo Comienzo, Rosario Corona Amador, explic\u00f3 que este consejo se integra conforme a la ley estatal en la materia, y que su funcionamiento permitir\u00e1 enriquecer las decisiones p\u00fablicas con una visi\u00f3n m\u00e1s amplia y cercana a la realidad social.<\/p>\n\n\n\n<p>Agreg\u00f3 que la Presidencia recae en la persona Titular de la Secretar\u00eda del Nuevo Comienzo, cuando asista la Titular del Poder Ejecutivo, asumir\u00e1 la presidencia y quien sea titular de la Secretar\u00eda ser\u00e1 un integrante m\u00e1s del Consejo, conservando su derecho a voz y de voto.<\/p>\n\n\n\n<p>El organismo est\u00e1 tambi\u00e9n conformado por perfiles con experiencia en distintos \u00e1mbitos. Desde el sector social participan Adela Espinoza \u00c1vila, Claudio C\u00e9sar Lemus S\u00e1nchez, Mar\u00eda Leticia Imelda Robles Ayala y Jos\u00e9 Israel Jim\u00e9nez Calvillo, quienes han trabajado de manera directa con comunidades y grupos vulnerables.<\/p>\n\n\n\n<p>A ellos se suman Martha Leticia Venegas Ram\u00edrez, representante del sector privado, y Jes\u00fas Arellano G\u00f3mez, investigador de la Universidad de Guanajuato, quien aporta su experiencia en temas de derechos humanos e inclusi\u00f3n.<\/p>\n\n\n\n<p>Tras rendir protesta, las y los consejeros coincidieron en la importancia de este espacio como una oportunidad para sumar ideas, acciones y propuestas que respondan a los retos sociales del estado.<\/p>\n\n\n\n<p>La gobernadora reconoci\u00f3 la trayectoria de quienes integran este consejo y destac\u00f3 que su participaci\u00f3n ser\u00e1 fundamental para enriquecer las pol\u00edticas p\u00fablicas. Se\u00f1al\u00f3 que su voz ayudar\u00e1 a reflejar lo que realmente necesitan las y los ciudadanos, fortaleciendo as\u00ed las acciones del gobierno.<\/p>\n\n\n\n<p>Con este paso, Guanajuato abre un nuevo cap\u00edtulo en la construcci\u00f3n de pol\u00edticas sociales m\u00e1s incluyentes, donde la escucha, el an\u00e1lisis y el trabajo conjunto se convierten en herramientas clave para impulsar el bienestar de su gente.<\/p>\n","protected":false},"excerpt":{"rendered":"<p>Guanajuato, Gto., 28 de abril de 2026.\u2013 La gobernadora Libia Dennise Garc\u00eda Mu\u00f1oz Ledo encabez\u00f3 la instalaci\u00f3n y primera sesi\u00f3n del Consejo Consultivo para el Desarrollo Social y Humano 2026\u20132029, un espacio que busca fortalecer la pol\u00edtica social a trav\u00e9s del di\u00e1logo y la colaboraci\u00f3n. Este nuevo \u00f3rgano se conforma como un punto de encuentro [&hellip;]<\/p>\n","protected":false},"author":1,"featured_media":1627,"comment_status":"open","ping_status":"open","sticky":false,"template":"","format":"standard","meta":{"jnews-multi-image_gallery":[],"jnews_single_post":{"format":"standard"},"jnews_primary_category":[],"jnews_social_meta":[],"jnews_override_counter":[],"footnotes":""},"categories":[66,59,64],"tags":[490,492,109,491],"class_list":["post-1626","post","type-post","status-publish","format-standard","has-post-thumbnail","hentry","category-agenda-publica","category-noticias-que-si-importan","category-programas-sociales","tag-consejo","tag-desarrollo-social","tag-guanajuato","tag-participacion-ciudadana"],"_links":{"self":[{"href":"https:\/\/amanecerbajio.mx\/index.php?rest_route=\/wp\/v2\/posts\/1626","targetHints":{"allow":["GET"]}}],"collection":[{"href":"https:\/\/amanecerbajio.mx\/index.php?rest_route=\/wp\/v2\/posts"}],"about":[{"href":"https:\/\/amanecerbajio.mx\/index.php?rest_route=\/wp\/v2\/types\/post"}],"author":[{"embeddable":true,"href":"https:\/\/amanecerbajio.mx\/index.php?rest_route=\/wp\/v2\/users\/1"}],"replies":[{"embeddable":true,"href":"https:\/\/amanecerbajio.mx\/index.php?rest_route=%2Fwp%2Fv2%2Fcomments&post=1626"}],"version-history":[{"count":1,"href":"https:\/\/amanecerbajio.mx\/index.php?rest_route=\/wp\/v2\/posts\/1626\/revisions"}],"predecessor-version":[{"id":1632,"href":"https:\/\/amanecerbajio.mx\/index.php?rest_route=\/wp\/v2\/posts\/1626\/revisions\/1632"}],"wp:featuredmedia":[{"embeddable":true,"href":"https:\/\/amanecerbajio.mx\/index.php?rest_route=\/wp\/v2\/media\/1627"}],"wp:attachment":[{"href":"https:\/\/amanecerbajio.mx\/index.php?rest_route=%2Fwp%2Fv2%2Fmedia&parent=1626"}],"wp:term":[{"taxonomy":"category","embeddable":true,"href":"https:\/\/amanecerbajio.mx\/index.php?rest_route=%2Fwp%2Fv2%2Fcategories&post=1626"},{"taxonomy":"post_tag","embeddable":true,"href":"https:\/\/amanecerbajio.mx\/index.php?rest_route=%2Fwp%2Fv2%2Ftags&post=1626"}],"curies":[{"name":"wp","href":"https:\/\/api.w.org\/{rel}","templated":true}]}}