{"id":1618,"date":"2026-04-28T23:32:56","date_gmt":"2026-04-29T05:32:56","guid":{"rendered":"https:\/\/amanecerbajio.mx\/?p=1618"},"modified":"2026-04-28T23:33:03","modified_gmt":"2026-04-29T05:33:03","slug":"impulsan-a-comerciantes-de-leon-con-apoyos-para-modernizar-negocios-y-mercados","status":"publish","type":"post","link":"https:\/\/amanecerbajio.mx\/?p=1618","title":{"rendered":"Impulsan a comerciantes de Le\u00f3n con apoyos para modernizar negocios y mercados"},"content":{"rendered":"\n<ul class=\"wp-block-list\">\n<li><em>M\u00e1s de 360 unidades econ\u00f3micas reciben respaldo para fortalecer su crecimiento y mejorar su entorno de trabajo.<\/em><\/li>\n<\/ul>\n\n\n\n<p><strong>Le\u00f3n, Gto. 28 de abril de 2026.<\/strong>&#8211; Con el prop\u00f3sito de fortalecer la econom\u00eda local y respaldar a quienes todos los d\u00edas levantan la cortina de sus negocios, la gobernadora Libia Dennise Garc\u00eda Mu\u00f1oz Ledo encabez\u00f3 la entrega de apoyos de los programas \u201cMi Tienda al 100\u201d y \u201cMi Plaza\u201d, dirigidos a comerciantes del municipio.<\/p>\n\n\n\n<p>Durante esta jornada, 367 unidades econ\u00f3micas fueron beneficiadas: 97 a trav\u00e9s de \u201cMi Tienda al 100\u201d, enfocado en peque\u00f1os comercios, y 270 mediante \u201cMi Plaza\u201d, orientado a mejorar las condiciones de mercados y tianguis. En conjunto, la inversi\u00f3n super\u00f3 los 4 millones de pesos.<\/p>\n\n\n\n<figure class=\"wp-block-gallery has-nested-images columns-default is-cropped wp-block-gallery-1 is-layout-flex wp-block-gallery-is-layout-flex\">\n<figure class=\"wp-block-image size-large\"><img decoding=\"async\" width=\"1024\" height=\"682\" data-id=\"1620\" src=\"https:\/\/amanecerbajio.mx\/wp-content\/uploads\/2026\/04\/FOTO-17-1024x682.jpeg\" alt=\"\" class=\"wp-image-1620\" srcset=\"https:\/\/amanecerbajio.mx\/wp-content\/uploads\/2026\/04\/FOTO-17-1024x682.jpeg 1024w, https:\/\/amanecerbajio.mx\/wp-content\/uploads\/2026\/04\/FOTO-17-300x200.jpeg 300w, https:\/\/amanecerbajio.mx\/wp-content\/uploads\/2026\/04\/FOTO-17-768x512.jpeg 768w, https:\/\/amanecerbajio.mx\/wp-content\/uploads\/2026\/04\/FOTO-17-750x500.jpeg 750w, https:\/\/amanecerbajio.mx\/wp-content\/uploads\/2026\/04\/FOTO-17-1140x760.jpeg 1140w, https:\/\/amanecerbajio.mx\/wp-content\/uploads\/2026\/04\/FOTO-17.jpeg 1280w\" sizes=\"(max-width: 1024px) 100vw, 1024px\" \/><\/figure>\n\n\n\n<figure class=\"wp-block-image size-large\"><img decoding=\"async\" width=\"1024\" height=\"682\" data-id=\"1621\" src=\"https:\/\/amanecerbajio.mx\/wp-content\/uploads\/2026\/04\/FOTO-18-1024x682.jpeg\" alt=\"\" class=\"wp-image-1621\" srcset=\"https:\/\/amanecerbajio.mx\/wp-content\/uploads\/2026\/04\/FOTO-18-1024x682.jpeg 1024w, https:\/\/amanecerbajio.mx\/wp-content\/uploads\/2026\/04\/FOTO-18-300x200.jpeg 300w, https:\/\/amanecerbajio.mx\/wp-content\/uploads\/2026\/04\/FOTO-18-768x512.jpeg 768w, https:\/\/amanecerbajio.mx\/wp-content\/uploads\/2026\/04\/FOTO-18-750x500.jpeg 750w, https:\/\/amanecerbajio.mx\/wp-content\/uploads\/2026\/04\/FOTO-18-1140x760.jpeg 1140w, https:\/\/amanecerbajio.mx\/wp-content\/uploads\/2026\/04\/FOTO-18.jpeg 1280w\" sizes=\"(max-width: 1024px) 100vw, 1024px\" \/><\/figure>\n\n\n\n<figure class=\"wp-block-image size-large\"><img decoding=\"async\" width=\"1024\" height=\"682\" data-id=\"1622\" src=\"https:\/\/amanecerbajio.mx\/wp-content\/uploads\/2026\/04\/FOTO-19-1024x682.jpeg\" alt=\"\" class=\"wp-image-1622\" srcset=\"https:\/\/amanecerbajio.mx\/wp-content\/uploads\/2026\/04\/FOTO-19-1024x682.jpeg 1024w, https:\/\/amanecerbajio.mx\/wp-content\/uploads\/2026\/04\/FOTO-19-300x200.jpeg 300w, https:\/\/amanecerbajio.mx\/wp-content\/uploads\/2026\/04\/FOTO-19-768x512.jpeg 768w, https:\/\/amanecerbajio.mx\/wp-content\/uploads\/2026\/04\/FOTO-19-750x500.jpeg 750w, https:\/\/amanecerbajio.mx\/wp-content\/uploads\/2026\/04\/FOTO-19-1140x760.jpeg 1140w, https:\/\/amanecerbajio.mx\/wp-content\/uploads\/2026\/04\/FOTO-19.jpeg 1280w\" sizes=\"(max-width: 1024px) 100vw, 1024px\" \/><\/figure>\n\n\n\n<figure class=\"wp-block-image size-large\"><img decoding=\"async\" width=\"1024\" height=\"682\" data-id=\"1623\" src=\"https:\/\/amanecerbajio.mx\/wp-content\/uploads\/2026\/04\/FOTO-20-1024x682.jpeg\" alt=\"\" class=\"wp-image-1623\" srcset=\"https:\/\/amanecerbajio.mx\/wp-content\/uploads\/2026\/04\/FOTO-20-1024x682.jpeg 1024w, https:\/\/amanecerbajio.mx\/wp-content\/uploads\/2026\/04\/FOTO-20-300x200.jpeg 300w, https:\/\/amanecerbajio.mx\/wp-content\/uploads\/2026\/04\/FOTO-20-768x512.jpeg 768w, https:\/\/amanecerbajio.mx\/wp-content\/uploads\/2026\/04\/FOTO-20-750x500.jpeg 750w, https:\/\/amanecerbajio.mx\/wp-content\/uploads\/2026\/04\/FOTO-20-1140x760.jpeg 1140w, https:\/\/amanecerbajio.mx\/wp-content\/uploads\/2026\/04\/FOTO-20.jpeg 1280w\" sizes=\"(max-width: 1024px) 100vw, 1024px\" \/><\/figure>\n\n\n\n<figure class=\"wp-block-image size-large\"><img decoding=\"async\" width=\"1024\" height=\"682\" data-id=\"1624\" src=\"https:\/\/amanecerbajio.mx\/wp-content\/uploads\/2026\/04\/FOTO-21-1024x682.jpeg\" alt=\"\" class=\"wp-image-1624\" srcset=\"https:\/\/amanecerbajio.mx\/wp-content\/uploads\/2026\/04\/FOTO-21-1024x682.jpeg 1024w, https:\/\/amanecerbajio.mx\/wp-content\/uploads\/2026\/04\/FOTO-21-300x200.jpeg 300w, https:\/\/amanecerbajio.mx\/wp-content\/uploads\/2026\/04\/FOTO-21-768x512.jpeg 768w, https:\/\/amanecerbajio.mx\/wp-content\/uploads\/2026\/04\/FOTO-21-750x500.jpeg 750w, https:\/\/amanecerbajio.mx\/wp-content\/uploads\/2026\/04\/FOTO-21-1140x760.jpeg 1140w, https:\/\/amanecerbajio.mx\/wp-content\/uploads\/2026\/04\/FOTO-21.jpeg 1280w\" sizes=\"(max-width: 1024px) 100vw, 1024px\" \/><\/figure>\n<\/figure>\n\n\n\n<p>La mandataria estatal destac\u00f3 que estos apoyos representan un reconocimiento al esfuerzo diario de las y los comerciantes, quienes son pieza clave en la vida econ\u00f3mica de las colonias y comunidades. Reiter\u00f3 que su administraci\u00f3n continuar\u00e1 trabajando para brindarles herramientas que les permitan crecer y ofrecer mejores servicios.<\/p>\n\n\n\n<p>Del total de beneficiarios, 114 son hombres y 253 mujeres, lo que refleja el papel fundamental que tienen las emprendedoras en la econom\u00eda familiar y local. Adem\u00e1s, estos programas contemplan a personas adultas mayores, con discapacidad o con condiciones de salud que requieren atenci\u00f3n especial, ampliando as\u00ed su impacto social.<\/p>\n\n\n\n<p>Por su parte, la titular de la Secretar\u00eda de Econom\u00eda, Cristina Villase\u00f1or Aguilar, explic\u00f3 que \u201cMi Tienda al 100\u201d busca transformar los peque\u00f1os negocios en espacios m\u00e1s seguros, modernos y atractivos para sus clientes. Mientras tanto, \u201cMi Plaza\u201d se enfoca en dignificar los centros de abasto tradicionales, mejorando su infraestructura y condiciones de operaci\u00f3n.<\/p>\n\n\n\n<p>Con estas acciones se pretende fortalecer el comercio local, impulsar el autoempleo y mejorar la calidad de vida de cientos de familias que dependen de estos negocios. Una inversi\u00f3n que se traduce en oportunidades para quienes sostienen la econom\u00eda desde lo cotidiano.<\/p>\n","protected":false},"excerpt":{"rendered":"<p>Le\u00f3n, Gto. 28 de abril de 2026.&#8211; Con el prop\u00f3sito de fortalecer la econom\u00eda local y respaldar a quienes todos los d\u00edas levantan la cortina de sus negocios, la gobernadora Libia Dennise Garc\u00eda Mu\u00f1oz Ledo encabez\u00f3 la entrega de apoyos de los programas \u201cMi Tienda al 100\u201d y \u201cMi Plaza\u201d, dirigidos a comerciantes del municipio. [&hellip;]<\/p>\n","protected":false},"author":1,"featured_media":1619,"comment_status":"open","ping_status":"open","sticky":false,"template":"","format":"standard","meta":{"jnews-multi-image_gallery":[],"jnews_single_post":{"format":"standard"},"jnews_primary_category":[],"jnews_social_meta":[],"jnews_override_counter":[],"footnotes":""},"categories":[73,57,63,64],"tags":[156,462,145,109,108,489,337],"class_list":["post-1618","post","type-post","status-publish","format-standard","has-post-thumbnail","hentry","category-empleos","category-emprendedores","category-guanajuato-y-su-gente","category-programas-sociales","tag-apoyos","tag-comercio","tag-emprendedores","tag-guanajuato","tag-leon","tag-mercados","tag-negocios"],"_links":{"self":[{"href":"https:\/\/amanecerbajio.mx\/index.php?rest_route=\/wp\/v2\/posts\/1618","targetHints":{"allow":["GET"]}}],"collection":[{"href":"https:\/\/amanecerbajio.mx\/index.php?rest_route=\/wp\/v2\/posts"}],"about":[{"href":"https:\/\/amanecerbajio.mx\/index.php?rest_route=\/wp\/v2\/types\/post"}],"author":[{"embeddable":true,"href":"https:\/\/amanecerbajio.mx\/index.php?rest_route=\/wp\/v2\/users\/1"}],"replies":[{"embeddable":true,"href":"https:\/\/amanecerbajio.mx\/index.php?rest_route=%2Fwp%2Fv2%2Fcomments&post=1618"}],"version-history":[{"count":1,"href":"https:\/\/amanecerbajio.mx\/index.php?rest_route=\/wp\/v2\/posts\/1618\/revisions"}],"predecessor-version":[{"id":1625,"href":"https:\/\/amanecerbajio.mx\/index.php?rest_route=\/wp\/v2\/posts\/1618\/revisions\/1625"}],"wp:featuredmedia":[{"embeddable":true,"href":"https:\/\/amanecerbajio.mx\/index.php?rest_route=\/wp\/v2\/media\/1619"}],"wp:attachment":[{"href":"https:\/\/amanecerbajio.mx\/index.php?rest_route=%2Fwp%2Fv2%2Fmedia&parent=1618"}],"wp:term":[{"taxonomy":"category","embeddable":true,"href":"https:\/\/amanecerbajio.mx\/index.php?rest_route=%2Fwp%2Fv2%2Fcategories&post=1618"},{"taxonomy":"post_tag","embeddable":true,"href":"https:\/\/amanecerbajio.mx\/index.php?rest_route=%2Fwp%2Fv2%2Ftags&post=1618"}],"curies":[{"name":"wp","href":"https:\/\/api.w.org\/{rel}","templated":true}]}}