{"id":1612,"date":"2026-04-28T23:12:56","date_gmt":"2026-04-29T05:12:56","guid":{"rendered":"https:\/\/amanecerbajio.mx\/?p=1612"},"modified":"2026-04-28T23:13:02","modified_gmt":"2026-04-29T05:13:02","slug":"ponen-un-alto-al-calzado-ilegal-para-proteger-a-la-industria","status":"publish","type":"post","link":"https:\/\/amanecerbajio.mx\/?p=1612","title":{"rendered":"Ponen un alto al calzado ilegal para proteger a la industria"},"content":{"rendered":"\n<ul class=\"wp-block-list\">\n<li><em>La exclusi\u00f3n del sector calzado del r\u00e9gimen de Recinto Fiscalizado Estrat\u00e9gico marca un avance clave para la competitividad y el empleo en Guanajuato.<\/em><\/li>\n<\/ul>\n\n\n\n<p><strong>Le\u00f3n, Gto., 28 de abril de 2026.<\/strong>&#8211; Autoridades de los tres niveles de gobierno, junto con representantes del sector productivo, anunciaron la exclusi\u00f3n del calzado del r\u00e9gimen de Recinto Fiscalizado Estrat\u00e9gico, una medida que busca frenar pr\u00e1cticas desleales y fortalecer uno de los pilares econ\u00f3micos de Guanajuato.<\/p>\n\n\n\n<p>Esta acci\u00f3n es el resultado de meses de di\u00e1logo, an\u00e1lisis t\u00e9cnico y coordinaci\u00f3n entre empresarios y autoridades, quienes atendieron una de las principales preocupaciones del sector: la competencia desigual provocada por el ingreso irregular de calzado al pa\u00eds.<\/p>\n\n\n\n<figure class=\"wp-block-gallery has-nested-images columns-default is-cropped wp-block-gallery-1 is-layout-flex wp-block-gallery-is-layout-flex\">\n<figure class=\"wp-block-image size-large\"><img decoding=\"async\" width=\"1024\" height=\"739\" data-id=\"1614\" src=\"https:\/\/amanecerbajio.mx\/wp-content\/uploads\/2026\/04\/FOTO-2.-3-1024x739.jpeg\" alt=\"\" class=\"wp-image-1614\" srcset=\"https:\/\/amanecerbajio.mx\/wp-content\/uploads\/2026\/04\/FOTO-2.-3-1024x739.jpeg 1024w, https:\/\/amanecerbajio.mx\/wp-content\/uploads\/2026\/04\/FOTO-2.-3-300x216.jpeg 300w, https:\/\/amanecerbajio.mx\/wp-content\/uploads\/2026\/04\/FOTO-2.-3-768x554.jpeg 768w, https:\/\/amanecerbajio.mx\/wp-content\/uploads\/2026\/04\/FOTO-2.-3-1536x1108.jpeg 1536w, https:\/\/amanecerbajio.mx\/wp-content\/uploads\/2026\/04\/FOTO-2.-3-120x86.jpeg 120w, https:\/\/amanecerbajio.mx\/wp-content\/uploads\/2026\/04\/FOTO-2.-3-750x541.jpeg 750w, https:\/\/amanecerbajio.mx\/wp-content\/uploads\/2026\/04\/FOTO-2.-3-1140x822.jpeg 1140w, https:\/\/amanecerbajio.mx\/wp-content\/uploads\/2026\/04\/FOTO-2.-3.jpeg 1600w\" sizes=\"(max-width: 1024px) 100vw, 1024px\" \/><\/figure>\n\n\n\n<figure class=\"wp-block-image size-large\"><img decoding=\"async\" width=\"1024\" height=\"534\" data-id=\"1615\" src=\"https:\/\/amanecerbajio.mx\/wp-content\/uploads\/2026\/04\/FOTO-3.-3-1024x534.jpeg\" alt=\"\" class=\"wp-image-1615\" srcset=\"https:\/\/amanecerbajio.mx\/wp-content\/uploads\/2026\/04\/FOTO-3.-3-1024x534.jpeg 1024w, https:\/\/amanecerbajio.mx\/wp-content\/uploads\/2026\/04\/FOTO-3.-3-300x156.jpeg 300w, https:\/\/amanecerbajio.mx\/wp-content\/uploads\/2026\/04\/FOTO-3.-3-768x400.jpeg 768w, https:\/\/amanecerbajio.mx\/wp-content\/uploads\/2026\/04\/FOTO-3.-3-1536x801.jpeg 1536w, https:\/\/amanecerbajio.mx\/wp-content\/uploads\/2026\/04\/FOTO-3.-3-750x391.jpeg 750w, https:\/\/amanecerbajio.mx\/wp-content\/uploads\/2026\/04\/FOTO-3.-3-1140x594.jpeg 1140w, https:\/\/amanecerbajio.mx\/wp-content\/uploads\/2026\/04\/FOTO-3.-3.jpeg 1600w\" sizes=\"(max-width: 1024px) 100vw, 1024px\" \/><\/figure>\n\n\n\n<figure class=\"wp-block-image size-large\"><img decoding=\"async\" width=\"767\" height=\"1024\" data-id=\"1616\" src=\"https:\/\/amanecerbajio.mx\/wp-content\/uploads\/2026\/04\/FOTO-4.-3-767x1024.jpeg\" alt=\"\" class=\"wp-image-1616\" srcset=\"https:\/\/amanecerbajio.mx\/wp-content\/uploads\/2026\/04\/FOTO-4.-3-767x1024.jpeg 767w, https:\/\/amanecerbajio.mx\/wp-content\/uploads\/2026\/04\/FOTO-4.-3-225x300.jpeg 225w, https:\/\/amanecerbajio.mx\/wp-content\/uploads\/2026\/04\/FOTO-4.-3-768x1026.jpeg 768w, https:\/\/amanecerbajio.mx\/wp-content\/uploads\/2026\/04\/FOTO-4.-3-1150x1536.jpeg 1150w, https:\/\/amanecerbajio.mx\/wp-content\/uploads\/2026\/04\/FOTO-4.-3-750x1002.jpeg 750w, https:\/\/amanecerbajio.mx\/wp-content\/uploads\/2026\/04\/FOTO-4.-3-1140x1523.jpeg 1140w, https:\/\/amanecerbajio.mx\/wp-content\/uploads\/2026\/04\/FOTO-4.-3.jpeg 1198w\" sizes=\"(max-width: 767px) 100vw, 767px\" \/><\/figure>\n<\/figure>\n\n\n\n<p>La gobernadora Libia Dennise Garc\u00eda Mu\u00f1oz Ledo destac\u00f3 que este avance es reflejo del trabajo en equipo y del compromiso por proteger una industria que no solo genera empleo, sino que tambi\u00e9n forma parte de la identidad del estado. Subray\u00f3 que desde el inicio de su administraci\u00f3n se ha acompa\u00f1ado de cerca esta causa, impulsando acciones para defender a las y los productores guanajuatenses.<\/p>\n\n\n\n<p>Acompa\u00f1ada por la alcaldesa Alejandra Guti\u00e9rrez Campos, la mandataria estatal reconoci\u00f3 la apertura del Gobierno Federal para construir soluciones conjuntas, y reiter\u00f3 que su administraci\u00f3n seguir\u00e1 siendo aliada y gestora del sector ante la Federaci\u00f3n.<\/p>\n\n\n\n<p>Por su parte, el presidente de la C\u00e1mara de la Industria del Calzado del Estado de Guanajuato, Juan Carlos Cashat Usabiaga, explic\u00f3 que esta medida permitir\u00e1 cerrar la puerta a esquemas aduaneros que facilitaban la entrada irregular de mercanc\u00eda, afectando directamente a la industria nacional.<\/p>\n\n\n\n<p>Las cifras reflejan la urgencia de actuar: entre 2023 y 2025, el ingreso ilegal de calzado registr\u00f3 un crecimiento cercano al 2,000 por ciento, un comportamiento at\u00edpico que encendi\u00f3 las alertas del sector.<\/p>\n\n\n\n<p>Desde el \u00e1mbito local, la alcaldesa leonesa resalt\u00f3 que esta industria forma parte del ADN de la ciudad, y que este paso contribuye a generar condiciones m\u00e1s justas para quienes durante d\u00e9cadas han posicionado a Le\u00f3n como referente nacional e internacional del calzado.<\/p>\n\n\n\n<p>En representaci\u00f3n de la Secretar\u00eda de Econom\u00eda, Jes\u00fas Alberto Hern\u00e1ndez Aguirre subray\u00f3 que el calzado es una actividad estrat\u00e9gica por su impacto en el empleo y su arraigo regional, por lo que se mantendr\u00e1 el trabajo conjunto con el sector.<\/p>\n\n\n\n<p>Aunque el anuncio representa un avance significativo, autoridades y empresarios coincidieron en que el reto contin\u00faa: asegurar que esta medida se traduzca en una aplicaci\u00f3n efectiva en aduanas y en un verdadero piso parejo para competir.<\/p>\n\n\n\n<p>Con esta acci\u00f3n se da un paso firme en la defensa de la industria, protegiendo empleos y apostando por un crecimiento econ\u00f3mico m\u00e1s justo y sostenible.<\/p>\n","protected":false},"excerpt":{"rendered":"<p>Le\u00f3n, Gto., 28 de abril de 2026.&#8211; Autoridades de los tres niveles de gobierno, junto con representantes del sector productivo, anunciaron la exclusi\u00f3n del calzado del r\u00e9gimen de Recinto Fiscalizado Estrat\u00e9gico, una medida que busca frenar pr\u00e1cticas desleales y fortalecer uno de los pilares econ\u00f3micos de Guanajuato. Esta acci\u00f3n es el resultado de meses de [&hellip;]<\/p>\n","protected":false},"author":1,"featured_media":1613,"comment_status":"open","ping_status":"open","sticky":false,"template":"","format":"standard","meta":{"jnews-multi-image_gallery":[],"jnews_single_post":{"format":"standard"},"jnews_primary_category":[],"jnews_social_meta":[],"jnews_override_counter":[],"footnotes":""},"categories":[61,66,73,59],"tags":[391,488,410,109,487,108],"class_list":["post-1612","post","type-post","status-publish","format-standard","has-post-thumbnail","hentry","category-atencion","category-agenda-publica","category-empleos","category-noticias-que-si-importan","tag-calzado","tag-ciceg","tag-empleos","tag-guanajuato","tag-industria","tag-leon"],"_links":{"self":[{"href":"https:\/\/amanecerbajio.mx\/index.php?rest_route=\/wp\/v2\/posts\/1612","targetHints":{"allow":["GET"]}}],"collection":[{"href":"https:\/\/amanecerbajio.mx\/index.php?rest_route=\/wp\/v2\/posts"}],"about":[{"href":"https:\/\/amanecerbajio.mx\/index.php?rest_route=\/wp\/v2\/types\/post"}],"author":[{"embeddable":true,"href":"https:\/\/amanecerbajio.mx\/index.php?rest_route=\/wp\/v2\/users\/1"}],"replies":[{"embeddable":true,"href":"https:\/\/amanecerbajio.mx\/index.php?rest_route=%2Fwp%2Fv2%2Fcomments&post=1612"}],"version-history":[{"count":1,"href":"https:\/\/amanecerbajio.mx\/index.php?rest_route=\/wp\/v2\/posts\/1612\/revisions"}],"predecessor-version":[{"id":1617,"href":"https:\/\/amanecerbajio.mx\/index.php?rest_route=\/wp\/v2\/posts\/1612\/revisions\/1617"}],"wp:featuredmedia":[{"embeddable":true,"href":"https:\/\/amanecerbajio.mx\/index.php?rest_route=\/wp\/v2\/media\/1613"}],"wp:attachment":[{"href":"https:\/\/amanecerbajio.mx\/index.php?rest_route=%2Fwp%2Fv2%2Fmedia&parent=1612"}],"wp:term":[{"taxonomy":"category","embeddable":true,"href":"https:\/\/amanecerbajio.mx\/index.php?rest_route=%2Fwp%2Fv2%2Fcategories&post=1612"},{"taxonomy":"post_tag","embeddable":true,"href":"https:\/\/amanecerbajio.mx\/index.php?rest_route=%2Fwp%2Fv2%2Ftags&post=1612"}],"curies":[{"name":"wp","href":"https:\/\/api.w.org\/{rel}","templated":true}]}}