{"id":1593,"date":"2026-04-23T19:36:18","date_gmt":"2026-04-24T01:36:18","guid":{"rendered":"https:\/\/amanecerbajio.mx\/?p=1593"},"modified":"2026-04-23T19:36:29","modified_gmt":"2026-04-24T01:36:29","slug":"inauguran-la-sala-c5-del-poliforum-leon","status":"publish","type":"post","link":"https:\/\/amanecerbajio.mx\/?p=1593","title":{"rendered":"Inauguran la Sala C5 del Poliforum Le\u00f3n"},"content":{"rendered":"\n<ul class=\"wp-block-list\">\n<li><em>El recinto se fortalece como uno de los motores econ\u00f3micos m\u00e1s importantes del estado, con infraestructura de vanguardia y proyecci\u00f3n internacional.<\/em><\/li>\n<\/ul>\n\n\n\n<p><strong>Le\u00f3n, Gto., 23 de abril de 2026.\u2013<\/strong> El dinamismo y vocaci\u00f3n de Le\u00f3n como ciudad de encuentros dio un paso m\u00e1s hacia el futuro con la inauguraci\u00f3n de la nueva Sala C5 del Poliforum, un espacio que ampl\u00eda la capacidad y proyecci\u00f3n de uno de los recintos m\u00e1s emblem\u00e1ticos de Guanajuato.<\/p>\n\n\n\n<p>Durante el acto inaugural, la gobernadora Libia Dennise Garc\u00eda Mu\u00f1oz Ledo destac\u00f3 que esta nueva \u00e1rea representa una apuesta por el talento, la innovaci\u00f3n y la confianza en el potencial de las y los guanajuatenses. Destac\u00f3 que el estado seguir\u00e1 abriendo camino en nuevos mercados, respaldado por la visi\u00f3n y el trabajo de su gente.<\/p>\n\n\n\n<figure class=\"wp-block-gallery has-nested-images columns-default is-cropped wp-block-gallery-1 is-layout-flex wp-block-gallery-is-layout-flex\">\n<figure class=\"wp-block-image size-large\"><img decoding=\"async\" width=\"800\" height=\"510\" data-id=\"1595\" src=\"https:\/\/amanecerbajio.mx\/wp-content\/uploads\/2026\/04\/Inauguracion-Sala-C5-Poliforum-Leon-1.jpg\" alt=\"\" class=\"wp-image-1595\" srcset=\"https:\/\/amanecerbajio.mx\/wp-content\/uploads\/2026\/04\/Inauguracion-Sala-C5-Poliforum-Leon-1.jpg 800w, https:\/\/amanecerbajio.mx\/wp-content\/uploads\/2026\/04\/Inauguracion-Sala-C5-Poliforum-Leon-1-300x191.jpg 300w, https:\/\/amanecerbajio.mx\/wp-content\/uploads\/2026\/04\/Inauguracion-Sala-C5-Poliforum-Leon-1-768x490.jpg 768w, https:\/\/amanecerbajio.mx\/wp-content\/uploads\/2026\/04\/Inauguracion-Sala-C5-Poliforum-Leon-1-750x478.jpg 750w\" sizes=\"(max-width: 800px) 100vw, 800px\" \/><\/figure>\n\n\n\n<figure class=\"wp-block-image size-large\"><img decoding=\"async\" width=\"800\" height=\"537\" data-id=\"1596\" src=\"https:\/\/amanecerbajio.mx\/wp-content\/uploads\/2026\/04\/Inauguracion-Sala-C5-Poliforum-Leon-2.jpg\" alt=\"\" class=\"wp-image-1596\" srcset=\"https:\/\/amanecerbajio.mx\/wp-content\/uploads\/2026\/04\/Inauguracion-Sala-C5-Poliforum-Leon-2.jpg 800w, https:\/\/amanecerbajio.mx\/wp-content\/uploads\/2026\/04\/Inauguracion-Sala-C5-Poliforum-Leon-2-300x201.jpg 300w, https:\/\/amanecerbajio.mx\/wp-content\/uploads\/2026\/04\/Inauguracion-Sala-C5-Poliforum-Leon-2-768x516.jpg 768w, https:\/\/amanecerbajio.mx\/wp-content\/uploads\/2026\/04\/Inauguracion-Sala-C5-Poliforum-Leon-2-750x503.jpg 750w\" sizes=\"(max-width: 800px) 100vw, 800px\" \/><\/figure>\n\n\n\n<figure class=\"wp-block-image size-large\"><img decoding=\"async\" width=\"800\" height=\"533\" data-id=\"1597\" src=\"https:\/\/amanecerbajio.mx\/wp-content\/uploads\/2026\/04\/Inauguracion-Sala-C5-Poliforum-Leon-4.jpg\" alt=\"\" class=\"wp-image-1597\" srcset=\"https:\/\/amanecerbajio.mx\/wp-content\/uploads\/2026\/04\/Inauguracion-Sala-C5-Poliforum-Leon-4.jpg 800w, https:\/\/amanecerbajio.mx\/wp-content\/uploads\/2026\/04\/Inauguracion-Sala-C5-Poliforum-Leon-4-300x200.jpg 300w, https:\/\/amanecerbajio.mx\/wp-content\/uploads\/2026\/04\/Inauguracion-Sala-C5-Poliforum-Leon-4-768x512.jpg 768w, https:\/\/amanecerbajio.mx\/wp-content\/uploads\/2026\/04\/Inauguracion-Sala-C5-Poliforum-Leon-4-750x500.jpg 750w\" sizes=\"(max-width: 800px) 100vw, 800px\" \/><\/figure>\n\n\n\n<figure class=\"wp-block-image size-large\"><img decoding=\"async\" width=\"800\" height=\"533\" data-id=\"1598\" src=\"https:\/\/amanecerbajio.mx\/wp-content\/uploads\/2026\/04\/Inauguracion-Sala-C5-Poliforum-Leon-6.jpg\" alt=\"\" class=\"wp-image-1598\" srcset=\"https:\/\/amanecerbajio.mx\/wp-content\/uploads\/2026\/04\/Inauguracion-Sala-C5-Poliforum-Leon-6.jpg 800w, https:\/\/amanecerbajio.mx\/wp-content\/uploads\/2026\/04\/Inauguracion-Sala-C5-Poliforum-Leon-6-300x200.jpg 300w, https:\/\/amanecerbajio.mx\/wp-content\/uploads\/2026\/04\/Inauguracion-Sala-C5-Poliforum-Leon-6-768x512.jpg 768w, https:\/\/amanecerbajio.mx\/wp-content\/uploads\/2026\/04\/Inauguracion-Sala-C5-Poliforum-Leon-6-750x500.jpg 750w\" sizes=\"(max-width: 800px) 100vw, 800px\" \/><\/figure>\n\n\n\n<figure class=\"wp-block-image size-large\"><img decoding=\"async\" width=\"800\" height=\"579\" data-id=\"1599\" src=\"https:\/\/amanecerbajio.mx\/wp-content\/uploads\/2026\/04\/Inauguracion-Sala-C5-Poliforum-Leon-8.jpg\" alt=\"\" class=\"wp-image-1599\" srcset=\"https:\/\/amanecerbajio.mx\/wp-content\/uploads\/2026\/04\/Inauguracion-Sala-C5-Poliforum-Leon-8.jpg 800w, https:\/\/amanecerbajio.mx\/wp-content\/uploads\/2026\/04\/Inauguracion-Sala-C5-Poliforum-Leon-8-300x217.jpg 300w, https:\/\/amanecerbajio.mx\/wp-content\/uploads\/2026\/04\/Inauguracion-Sala-C5-Poliforum-Leon-8-768x556.jpg 768w, https:\/\/amanecerbajio.mx\/wp-content\/uploads\/2026\/04\/Inauguracion-Sala-C5-Poliforum-Leon-8-120x86.jpg 120w, https:\/\/amanecerbajio.mx\/wp-content\/uploads\/2026\/04\/Inauguracion-Sala-C5-Poliforum-Leon-8-750x543.jpg 750w\" sizes=\"(max-width: 800px) 100vw, 800px\" \/><\/figure>\n<\/figure>\n\n\n\n<p>La Sala C5 se integra a este complejo con una superficie de 13 mil metros cuadrados, lo que permite que el Poliforum Le\u00f3n alcance m\u00e1s de 42 mil metros cuadrados en total. Con capacidad para recibir hasta 6 mil personas, este nuevo espacio est\u00e1 dise\u00f1ado con ingenier\u00eda moderna para responder a las exigencias de eventos nacionales e internacionales.<\/p>\n\n\n\n<p>El impacto de este recinto no es menor. A\u00f1o con a\u00f1o alberga cerca de 200 eventos que generan una derrama econ\u00f3mica superior a los 2 mil 900 millones de pesos, beneficiando directamente a miles de familias en la regi\u00f3n. Para la mandataria estatal, este logro es reflejo del car\u00e1cter perseverante de Le\u00f3n, una ciudad que ha sabido crecer con determinaci\u00f3n y visi\u00f3n a largo plazo.<\/p>\n\n\n\n<p>Desde sus inicios en 1979, el Poliforum ha sido pieza clave en el desarrollo econ\u00f3mico local, albergando eventos de talla internacional como SAPICA y ANPIC, adem\u00e1s de congresos especializados que atraen visitantes de todo el mundo. Hoy, ese legado contin\u00faa fortaleci\u00e9ndose.<\/p>\n\n\n\n<p>La gobernadora tambi\u00e9n reconoci\u00f3 el liderazgo del consejo de administraci\u00f3n del recinto, encabezado por Carlos Abugaber Giacom\u00e1n, por mantener firme el proyecto a lo largo de los a\u00f1os. Reiter\u00f3 adem\u00e1s el respaldo del Gobierno del Estado para seguir impulsando su crecimiento, como lo demuestra la pr\u00f3xima construcci\u00f3n de la Sala C6.<\/p>\n\n\n\n<p>Previo al arranque oficial, las nuevas instalaciones fueron bendecidas por el vicario del Arzobispado de Le\u00f3n, Juan Rodr\u00edguez Alba, en un acto que reuni\u00f3 a autoridades municipales, representantes del sector empresarial y legisladores.<\/p>\n\n\n\n<p>Con esta ampliaci\u00f3n, el Poliforum Le\u00f3n refuerza su papel como epicentro de negocios y se consolida como un orgullo para Guanajuato, un espacio que sigue acompa\u00f1ando el desarrollo de la ciudad y generando oportunidades para su gente.<\/p>\n","protected":false},"excerpt":{"rendered":"<p>Le\u00f3n, Gto., 23 de abril de 2026.\u2013 El dinamismo y vocaci\u00f3n de Le\u00f3n como ciudad de encuentros dio un paso m\u00e1s hacia el futuro con la inauguraci\u00f3n de la nueva Sala C5 del Poliforum, un espacio que ampl\u00eda la capacidad y proyecci\u00f3n de uno de los recintos m\u00e1s emblem\u00e1ticos de Guanajuato. Durante el acto inaugural, [&hellip;]<\/p>\n","protected":false},"author":1,"featured_media":1594,"comment_status":"open","ping_status":"open","sticky":false,"template":"","format":"standard","meta":{"jnews-multi-image_gallery":[],"jnews_single_post":{"format":"standard"},"jnews_primary_category":[],"jnews_social_meta":[],"jnews_override_counter":[],"footnotes":""},"categories":[66,73,57,59],"tags":[112,109,379,108,337,483],"class_list":["post-1593","post","type-post","status-publish","format-standard","has-post-thumbnail","hentry","category-agenda-publica","category-empleos","category-emprendedores","category-noticias-que-si-importan","tag-eventos","tag-guanajuato","tag-infraestructura","tag-leon","tag-negocios","tag-poliforum"],"_links":{"self":[{"href":"https:\/\/amanecerbajio.mx\/index.php?rest_route=\/wp\/v2\/posts\/1593","targetHints":{"allow":["GET"]}}],"collection":[{"href":"https:\/\/amanecerbajio.mx\/index.php?rest_route=\/wp\/v2\/posts"}],"about":[{"href":"https:\/\/amanecerbajio.mx\/index.php?rest_route=\/wp\/v2\/types\/post"}],"author":[{"embeddable":true,"href":"https:\/\/amanecerbajio.mx\/index.php?rest_route=\/wp\/v2\/users\/1"}],"replies":[{"embeddable":true,"href":"https:\/\/amanecerbajio.mx\/index.php?rest_route=%2Fwp%2Fv2%2Fcomments&post=1593"}],"version-history":[{"count":1,"href":"https:\/\/amanecerbajio.mx\/index.php?rest_route=\/wp\/v2\/posts\/1593\/revisions"}],"predecessor-version":[{"id":1600,"href":"https:\/\/amanecerbajio.mx\/index.php?rest_route=\/wp\/v2\/posts\/1593\/revisions\/1600"}],"wp:featuredmedia":[{"embeddable":true,"href":"https:\/\/amanecerbajio.mx\/index.php?rest_route=\/wp\/v2\/media\/1594"}],"wp:attachment":[{"href":"https:\/\/amanecerbajio.mx\/index.php?rest_route=%2Fwp%2Fv2%2Fmedia&parent=1593"}],"wp:term":[{"taxonomy":"category","embeddable":true,"href":"https:\/\/amanecerbajio.mx\/index.php?rest_route=%2Fwp%2Fv2%2Fcategories&post=1593"},{"taxonomy":"post_tag","embeddable":true,"href":"https:\/\/amanecerbajio.mx\/index.php?rest_route=%2Fwp%2Fv2%2Ftags&post=1593"}],"curies":[{"name":"wp","href":"https:\/\/api.w.org\/{rel}","templated":true}]}}