{"id":1574,"date":"2026-04-21T22:41:12","date_gmt":"2026-04-22T04:41:12","guid":{"rendered":"https:\/\/amanecerbajio.mx\/?p=1574"},"modified":"2026-04-21T22:41:28","modified_gmt":"2026-04-22T04:41:28","slug":"guanajuato-llama-a-actuar-por-el-planeta-conciencia-participacion-y-acciones-que-hacen-la-diferencia","status":"publish","type":"post","link":"https:\/\/amanecerbajio.mx\/?p=1574","title":{"rendered":"Guanajuato llama a actuar por el planeta: conciencia, participaci\u00f3n y acciones que hacen la diferencia"},"content":{"rendered":"\n<ul class=\"wp-block-list\">\n<li><em>En el marco del D\u00eda Mundial de la Tierra, el Gobierno estatal impulsa estrategias ambientales y convoca a la ciudadan\u00eda a ser parte del cambio.<\/em><\/li>\n<\/ul>\n\n\n\n<p><strong>Le\u00f3n, Guanajuato 21 de abril de 2026.<\/strong>&#8211; Cuidar el planeta ya es una necesidad urgente. En v\u00edsperas del D\u00eda Mundial de la Tierra este 22 de abril, el Gobierno del Estado reforz\u00f3 el llamado a la ciudadan\u00eda para pasar de la reflexi\u00f3n a la acci\u00f3n y construir, desde hoy, un mejor futuro ambiental.<\/p>\n\n\n\n<p>Durante una nueva emisi\u00f3n del programa <strong><em>Conectando con la Gente<\/em><\/strong>, la gobernadora Libia Dennise Garc\u00eda Mu\u00f1oz Ledo coment\u00f3 que esta conmemoraci\u00f3n debe ir m\u00e1s all\u00e1 de un mensaje simb\u00f3lico. Se trata, dijo, de generar conciencia colectiva sobre los retos ambientales que enfrenta el estado y de impulsar acciones concretas que protejan los recursos naturales.<\/p>\n\n\n\n<figure class=\"wp-block-gallery has-nested-images columns-default is-cropped wp-block-gallery-1 is-layout-flex wp-block-gallery-is-layout-flex\">\n<figure class=\"wp-block-image size-large\"><img decoding=\"async\" width=\"1024\" height=\"644\" data-id=\"1578\" src=\"https:\/\/amanecerbajio.mx\/wp-content\/uploads\/2026\/04\/Conectando-Tierra4-1024x644.jpeg\" alt=\"\" class=\"wp-image-1578\" srcset=\"https:\/\/amanecerbajio.mx\/wp-content\/uploads\/2026\/04\/Conectando-Tierra4-1024x644.jpeg 1024w, https:\/\/amanecerbajio.mx\/wp-content\/uploads\/2026\/04\/Conectando-Tierra4-300x189.jpeg 300w, https:\/\/amanecerbajio.mx\/wp-content\/uploads\/2026\/04\/Conectando-Tierra4-768x483.jpeg 768w, https:\/\/amanecerbajio.mx\/wp-content\/uploads\/2026\/04\/Conectando-Tierra4-1536x966.jpeg 1536w, https:\/\/amanecerbajio.mx\/wp-content\/uploads\/2026\/04\/Conectando-Tierra4-750x472.jpeg 750w, https:\/\/amanecerbajio.mx\/wp-content\/uploads\/2026\/04\/Conectando-Tierra4-1140x717.jpeg 1140w, https:\/\/amanecerbajio.mx\/wp-content\/uploads\/2026\/04\/Conectando-Tierra4.jpeg 1600w\" sizes=\"(max-width: 1024px) 100vw, 1024px\" \/><\/figure>\n\n\n\n<figure class=\"wp-block-image size-large\"><img decoding=\"async\" width=\"1024\" height=\"771\" data-id=\"1577\" src=\"https:\/\/amanecerbajio.mx\/wp-content\/uploads\/2026\/04\/Conectando-Tierra3-1024x771.jpeg\" alt=\"\" class=\"wp-image-1577\" srcset=\"https:\/\/amanecerbajio.mx\/wp-content\/uploads\/2026\/04\/Conectando-Tierra3-1024x771.jpeg 1024w, https:\/\/amanecerbajio.mx\/wp-content\/uploads\/2026\/04\/Conectando-Tierra3-300x226.jpeg 300w, https:\/\/amanecerbajio.mx\/wp-content\/uploads\/2026\/04\/Conectando-Tierra3-768x578.jpeg 768w, https:\/\/amanecerbajio.mx\/wp-content\/uploads\/2026\/04\/Conectando-Tierra3-1536x1156.jpeg 1536w, https:\/\/amanecerbajio.mx\/wp-content\/uploads\/2026\/04\/Conectando-Tierra3-750x564.jpeg 750w, https:\/\/amanecerbajio.mx\/wp-content\/uploads\/2026\/04\/Conectando-Tierra3-1140x858.jpeg 1140w, https:\/\/amanecerbajio.mx\/wp-content\/uploads\/2026\/04\/Conectando-Tierra3.jpeg 1600w\" sizes=\"(max-width: 1024px) 100vw, 1024px\" \/><\/figure>\n\n\n\n<figure class=\"wp-block-image size-large\"><img decoding=\"async\" width=\"1024\" height=\"771\" data-id=\"1576\" src=\"https:\/\/amanecerbajio.mx\/wp-content\/uploads\/2026\/04\/Conectando-Tierra2-1024x771.jpeg\" alt=\"\" class=\"wp-image-1576\" srcset=\"https:\/\/amanecerbajio.mx\/wp-content\/uploads\/2026\/04\/Conectando-Tierra2-1024x771.jpeg 1024w, https:\/\/amanecerbajio.mx\/wp-content\/uploads\/2026\/04\/Conectando-Tierra2-300x226.jpeg 300w, https:\/\/amanecerbajio.mx\/wp-content\/uploads\/2026\/04\/Conectando-Tierra2-768x578.jpeg 768w, https:\/\/amanecerbajio.mx\/wp-content\/uploads\/2026\/04\/Conectando-Tierra2-1536x1156.jpeg 1536w, https:\/\/amanecerbajio.mx\/wp-content\/uploads\/2026\/04\/Conectando-Tierra2-750x564.jpeg 750w, https:\/\/amanecerbajio.mx\/wp-content\/uploads\/2026\/04\/Conectando-Tierra2-1140x858.jpeg 1140w, https:\/\/amanecerbajio.mx\/wp-content\/uploads\/2026\/04\/Conectando-Tierra2.jpeg 1600w\" sizes=\"(max-width: 1024px) 100vw, 1024px\" \/><\/figure>\n<\/figure>\n\n\n\n<p>Acompa\u00f1ada por el secretario del Agua y Medio Ambiente, Jos\u00e9 Lara Lona, la titular de la Procuradur\u00eda Ambiental y de Ordenamiento Territorial, Karina Padilla \u00c1vila, y la joven voluntaria Yaya Fernanda P\u00e9rez Cervantes, la mandataria destac\u00f3 que el trabajo conjunto entre sociedad y gobierno es clave para enfrentar los efectos del cambio clim\u00e1tico.<\/p>\n\n\n\n<p><strong>Acciones que impactan el presente\u2026 y el futuro<\/strong><\/p>\n\n\n\n<p>Uno de los principales retos, coincidieron, es el cuidado del agua. Desde la Secretar\u00eda del Agua y Medio Ambiente se impulsa una estrategia que combina pol\u00edticas p\u00fablicas, tecnolog\u00eda y participaci\u00f3n ciudadana para garantizar un uso responsable de este recurso.<\/p>\n\n\n\n<p>Entre las acciones destacan el saneamiento del agua, la promoci\u00f3n de tecnolog\u00edas limpias y una mejor gesti\u00f3n de residuos, medidas que buscan no solo mitigar el impacto ambiental, sino tambi\u00e9n generar una cultura de sostenibilidad en la vida diaria.<\/p>\n\n\n\n<p>Por su parte, la Procuradur\u00eda Ambiental ha fortalecido programas como <em>Empresa Limpia<\/em> y <em>Buenas Pr\u00e1cticas Ambientales<\/em>, en los que el sector productivo se suma voluntariamente al cuidado del entorno. Tan solo en 2025, m\u00e1s de 200 organizaciones participaron, beneficiando a miles de personas y demostrando que el compromiso ambiental tambi\u00e9n puede nacer desde la iniciativa privada.<\/p>\n\n\n\n<p><strong>Juventudes que mueven conciencias<\/strong><\/p>\n\n\n\n<p>La voz de las nuevas generaciones a trav\u00e9s de Yaya Fernanda P\u00e9rez dej\u00f3 claro que el cambio tambi\u00e9n se construye desde lo cotidiano: reciclar, cuidar el agua, participar en jornadas de limpieza o reforestaci\u00f3n.<\/p>\n\n\n\n<p>Actualmente, Guanajuato cuenta con m\u00e1s de 24 mil Guardias Ambientales, una red de voluntariado que refleja c\u00f3mo la participaci\u00f3n ciudadana puede convertirse en una fuerza transformadora en comunidades de todo el estado.<\/p>\n\n\n\n<p><strong>Nuevas estrategias para cuidar la Tierra<\/strong><\/p>\n\n\n\n<p>Como parte de este esfuerzo, la Gobernadora anunci\u00f3 la pr\u00f3xima presentaci\u00f3n del Programa H\u00eddrico Ambiental del Estado, que contempla proyectos enfocados en el uso eficiente del agua y la protecci\u00f3n del entorno.<\/p>\n\n\n\n<p>Adem\u00e1s, se impulsa la creaci\u00f3n de la red ciudadana \u201cGente por el Ambiente\u201d, con el objetivo de organizar y fortalecer la participaci\u00f3n social en actividades como limpieza de r\u00edos, reforestaci\u00f3n y educaci\u00f3n ambiental.<\/p>\n\n\n\n<p>El mensaje es claro: lo que se haga hoy marcar\u00e1 el rumbo del ma\u00f1ana. En Guanajuato, el llamado es a no quedarse como espectadores, sino a convertirse en protagonistas del cuidado del planeta.<\/p>\n","protected":false},"excerpt":{"rendered":"<p>Le\u00f3n, Guanajuato 21 de abril de 2026.&#8211; Cuidar el planeta ya es una necesidad urgente. En v\u00edsperas del D\u00eda Mundial de la Tierra este 22 de abril, el Gobierno del Estado reforz\u00f3 el llamado a la ciudadan\u00eda para pasar de la reflexi\u00f3n a la acci\u00f3n y construir, desde hoy, un mejor futuro ambiental. Durante una [&hellip;]<\/p>\n","protected":false},"author":1,"featured_media":1575,"comment_status":"open","ping_status":"open","sticky":false,"template":"","format":"standard","meta":{"jnews-multi-image_gallery":[],"jnews_single_post":{"format":"standard"},"jnews_primary_category":[],"jnews_social_meta":[],"jnews_override_counter":[],"footnotes":""},"categories":[66,59,65],"tags":[265,476,475,109,477],"class_list":["post-1574","post","type-post","status-publish","format-standard","has-post-thumbnail","hentry","category-agenda-publica","category-noticias-que-si-importan","category-servicios-publicos","tag-agua","tag-conciencia","tag-dia-mundial-de-la-tierra","tag-guanajuato","tag-programa-hidrico"],"_links":{"self":[{"href":"https:\/\/amanecerbajio.mx\/index.php?rest_route=\/wp\/v2\/posts\/1574","targetHints":{"allow":["GET"]}}],"collection":[{"href":"https:\/\/amanecerbajio.mx\/index.php?rest_route=\/wp\/v2\/posts"}],"about":[{"href":"https:\/\/amanecerbajio.mx\/index.php?rest_route=\/wp\/v2\/types\/post"}],"author":[{"embeddable":true,"href":"https:\/\/amanecerbajio.mx\/index.php?rest_route=\/wp\/v2\/users\/1"}],"replies":[{"embeddable":true,"href":"https:\/\/amanecerbajio.mx\/index.php?rest_route=%2Fwp%2Fv2%2Fcomments&post=1574"}],"version-history":[{"count":1,"href":"https:\/\/amanecerbajio.mx\/index.php?rest_route=\/wp\/v2\/posts\/1574\/revisions"}],"predecessor-version":[{"id":1579,"href":"https:\/\/amanecerbajio.mx\/index.php?rest_route=\/wp\/v2\/posts\/1574\/revisions\/1579"}],"wp:featuredmedia":[{"embeddable":true,"href":"https:\/\/amanecerbajio.mx\/index.php?rest_route=\/wp\/v2\/media\/1575"}],"wp:attachment":[{"href":"https:\/\/amanecerbajio.mx\/index.php?rest_route=%2Fwp%2Fv2%2Fmedia&parent=1574"}],"wp:term":[{"taxonomy":"category","embeddable":true,"href":"https:\/\/amanecerbajio.mx\/index.php?rest_route=%2Fwp%2Fv2%2Fcategories&post=1574"},{"taxonomy":"post_tag","embeddable":true,"href":"https:\/\/amanecerbajio.mx\/index.php?rest_route=%2Fwp%2Fv2%2Ftags&post=1574"}],"curies":[{"name":"wp","href":"https:\/\/api.w.org\/{rel}","templated":true}]}}