{"id":1563,"date":"2026-04-17T23:47:20","date_gmt":"2026-04-18T05:47:20","guid":{"rendered":"https:\/\/amanecerbajio.mx\/?p=1563"},"modified":"2026-04-17T23:47:33","modified_gmt":"2026-04-18T05:47:33","slug":"leon-avanza-en-inclusion-con-la-primera-tienda-oxxo-adaptada-en-guanajuato","status":"publish","type":"post","link":"https:\/\/amanecerbajio.mx\/?p=1563","title":{"rendered":"Le\u00f3n avanza en inclusi\u00f3n con la primera tienda Oxxo adaptada en Guanajuato"},"content":{"rendered":"\n<ul class=\"wp-block-list\">\n<li><em>Este nuevo modelo de oportunidades laborales y accesibilidad ya es una realidad en la ciudad.<\/em><\/li>\n<\/ul>\n\n\n\n<p><strong>Le\u00f3n, Guanajuato, 17 de abril de 2026.<\/strong>&#8211; Hoy se dio un paso significativo en esta ciudad, la apertura de la primera tienda Oxxo con enfoque inclusivo en todo el estado de Guanajuato.<\/p>\n\n\n\n<p>Este proyecto representa una puerta abierta para quienes durante mucho tiempo han enfrentado barreras para acceder a un empleo digno, especialmente personas con discapacidad y adultos mayores.<\/p>\n\n\n\n<p>Este modelo innovador apuesta por reconocer las capacidades de cada persona. A trav\u00e9s de las pruebas VALPAR, se identifican habilidades espec\u00edficas y se facilita la vinculaci\u00f3n con espacios laborales adecuados para generar condiciones reales de desarrollo en entornos seguros, accesibles y respetuosos.<\/p>\n\n\n\n<figure class=\"wp-block-gallery has-nested-images columns-default is-cropped wp-block-gallery-1 is-layout-flex wp-block-gallery-is-layout-flex\">\n<figure class=\"wp-block-image size-large\"><img decoding=\"async\" width=\"800\" height=\"533\" data-id=\"1565\" src=\"https:\/\/amanecerbajio.mx\/wp-content\/uploads\/2026\/04\/078A2292_edited.jpg\" alt=\"\" class=\"wp-image-1565\" srcset=\"https:\/\/amanecerbajio.mx\/wp-content\/uploads\/2026\/04\/078A2292_edited.jpg 800w, https:\/\/amanecerbajio.mx\/wp-content\/uploads\/2026\/04\/078A2292_edited-300x200.jpg 300w, https:\/\/amanecerbajio.mx\/wp-content\/uploads\/2026\/04\/078A2292_edited-768x512.jpg 768w, https:\/\/amanecerbajio.mx\/wp-content\/uploads\/2026\/04\/078A2292_edited-750x500.jpg 750w\" sizes=\"(max-width: 800px) 100vw, 800px\" \/><\/figure>\n\n\n\n<figure class=\"wp-block-image size-large\"><img decoding=\"async\" width=\"800\" height=\"533\" data-id=\"1566\" src=\"https:\/\/amanecerbajio.mx\/wp-content\/uploads\/2026\/04\/078A2424_edited.jpg\" alt=\"\" class=\"wp-image-1566\" srcset=\"https:\/\/amanecerbajio.mx\/wp-content\/uploads\/2026\/04\/078A2424_edited.jpg 800w, https:\/\/amanecerbajio.mx\/wp-content\/uploads\/2026\/04\/078A2424_edited-300x200.jpg 300w, https:\/\/amanecerbajio.mx\/wp-content\/uploads\/2026\/04\/078A2424_edited-768x512.jpg 768w, https:\/\/amanecerbajio.mx\/wp-content\/uploads\/2026\/04\/078A2424_edited-750x500.jpg 750w\" sizes=\"(max-width: 800px) 100vw, 800px\" \/><\/figure>\n\n\n\n<figure class=\"wp-block-image size-large\"><img decoding=\"async\" width=\"800\" height=\"578\" data-id=\"1567\" src=\"https:\/\/amanecerbajio.mx\/wp-content\/uploads\/2026\/04\/078A2501_edited.jpg\" alt=\"\" class=\"wp-image-1567\" srcset=\"https:\/\/amanecerbajio.mx\/wp-content\/uploads\/2026\/04\/078A2501_edited.jpg 800w, https:\/\/amanecerbajio.mx\/wp-content\/uploads\/2026\/04\/078A2501_edited-300x217.jpg 300w, https:\/\/amanecerbajio.mx\/wp-content\/uploads\/2026\/04\/078A2501_edited-768x555.jpg 768w, https:\/\/amanecerbajio.mx\/wp-content\/uploads\/2026\/04\/078A2501_edited-120x86.jpg 120w, https:\/\/amanecerbajio.mx\/wp-content\/uploads\/2026\/04\/078A2501_edited-750x542.jpg 750w\" sizes=\"(max-width: 800px) 100vw, 800px\" \/><\/figure>\n\n\n\n<figure class=\"wp-block-image size-large\"><img decoding=\"async\" width=\"800\" height=\"533\" data-id=\"1568\" src=\"https:\/\/amanecerbajio.mx\/wp-content\/uploads\/2026\/04\/078A2507_edited.jpg\" alt=\"\" class=\"wp-image-1568\" srcset=\"https:\/\/amanecerbajio.mx\/wp-content\/uploads\/2026\/04\/078A2507_edited.jpg 800w, https:\/\/amanecerbajio.mx\/wp-content\/uploads\/2026\/04\/078A2507_edited-300x200.jpg 300w, https:\/\/amanecerbajio.mx\/wp-content\/uploads\/2026\/04\/078A2507_edited-768x512.jpg 768w, https:\/\/amanecerbajio.mx\/wp-content\/uploads\/2026\/04\/078A2507_edited-750x500.jpg 750w\" sizes=\"(max-width: 800px) 100vw, 800px\" \/><\/figure>\n\n\n\n<figure class=\"wp-block-image size-large\"><img decoding=\"async\" width=\"800\" height=\"533\" data-id=\"1569\" src=\"https:\/\/amanecerbajio.mx\/wp-content\/uploads\/2026\/04\/078A2508_edited.jpg\" alt=\"\" class=\"wp-image-1569\" srcset=\"https:\/\/amanecerbajio.mx\/wp-content\/uploads\/2026\/04\/078A2508_edited.jpg 800w, https:\/\/amanecerbajio.mx\/wp-content\/uploads\/2026\/04\/078A2508_edited-300x200.jpg 300w, https:\/\/amanecerbajio.mx\/wp-content\/uploads\/2026\/04\/078A2508_edited-768x512.jpg 768w, https:\/\/amanecerbajio.mx\/wp-content\/uploads\/2026\/04\/078A2508_edited-750x500.jpg 750w\" sizes=\"(max-width: 800px) 100vw, 800px\" \/><\/figure>\n\n\n\n<figure class=\"wp-block-image size-large\"><img decoding=\"async\" width=\"800\" height=\"589\" data-id=\"1570\" src=\"https:\/\/amanecerbajio.mx\/wp-content\/uploads\/2026\/04\/078A2548_edited.jpg\" alt=\"\" class=\"wp-image-1570\" srcset=\"https:\/\/amanecerbajio.mx\/wp-content\/uploads\/2026\/04\/078A2548_edited.jpg 800w, https:\/\/amanecerbajio.mx\/wp-content\/uploads\/2026\/04\/078A2548_edited-300x221.jpg 300w, https:\/\/amanecerbajio.mx\/wp-content\/uploads\/2026\/04\/078A2548_edited-768x565.jpg 768w, https:\/\/amanecerbajio.mx\/wp-content\/uploads\/2026\/04\/078A2548_edited-750x552.jpg 750w\" sizes=\"(max-width: 800px) 100vw, 800px\" \/><\/figure>\n<\/figure>\n\n\n\n<p>Durante el arranque, la presidenta municipal Alejandra Guti\u00e9rrez Campos destac\u00f3 que este tipo de iniciativas reflejan lo que se puede lograr cuando gobierno e iniciativa privada trabajan de la mano. Subray\u00f3 que Le\u00f3n no solo est\u00e1 marcando pauta en Guanajuato, sino tambi\u00e9n a nivel nacional, al convertirse en la primera ciudad del estado en contar con una tienda de este tipo.<\/p>\n\n\n\n<p>Pero el verdadero impacto se refleja en historias de vida, como la de Conny Rocha Ram\u00edrez, quien, tras enfrentar dificultades para encontrar empleo debido a su edad, hoy forma parte de este proyecto. Su testimonio es claro: cuando existen espacios incluyentes, el talento encuentra su lugar.<\/p>\n\n\n\n<p>La tienda, ubicada en la zona de Altacia, fue dise\u00f1ada desde su origen con criterios de accesibilidad. Cuenta con herramientas como mapas h\u00e1pticos para personas con discapacidad visual, gu\u00edas podot\u00e1ctiles para facilitar el desplazamiento, as\u00ed como rampas y pasillos amplios que permiten el tr\u00e1nsito c\u00f3modo de sillas de ruedas y andaderas. Adem\u00e1s, se contemplaron \u00e1reas funcionales para personas de talla baja, garantizando un entorno verdaderamente adaptado para todas y todos.<\/p>\n\n\n\n<p>Este esfuerzo tambi\u00e9n es resultado de una coordinaci\u00f3n estrecha entre distintas \u00e1reas, incluyendo el DIF, Protecci\u00f3n Civil y otras instancias, que contribuyeron a crear un espacio seguro y funcional.<\/p>\n\n\n\n<p>En los \u00faltimos a\u00f1os, Le\u00f3n ha avanzado en la inclusi\u00f3n laboral. Tan solo de 2021 a marzo de 2026, m\u00e1s de 600 personas han sido vinculadas a empleos mediante este tipo de estrategias. A la par, el municipio impulsa la Red Incluyente de Personas Emprendedoras, que sigue abriendo caminos para quienes buscan salir adelante por cuenta propia.<\/p>\n","protected":false},"excerpt":{"rendered":"<p>Le\u00f3n, Guanajuato, 17 de abril de 2026.&#8211; Hoy se dio un paso significativo en esta ciudad, la apertura de la primera tienda Oxxo con enfoque inclusivo en todo el estado de Guanajuato. Este proyecto representa una puerta abierta para quienes durante mucho tiempo han enfrentado barreras para acceder a un empleo digno, especialmente personas con [&hellip;]<\/p>\n","protected":false},"author":1,"featured_media":1564,"comment_status":"open","ping_status":"open","sticky":false,"template":"","format":"standard","meta":{"jnews-multi-image_gallery":[],"jnews_single_post":{"format":"standard"},"jnews_primary_category":[],"jnews_social_meta":[],"jnews_override_counter":[],"footnotes":""},"categories":[61,73,68,60],"tags":[410,109,167,108,474],"class_list":["post-1563","post","type-post","status-publish","format-standard","has-post-thumbnail","hentry","category-atencion","category-empleos","category-historias-inspiradoras","category-lo-bueno-tambien-pasa","tag-empleos","tag-guanajuato","tag-inclusion","tag-leon","tag-oxxo"],"_links":{"self":[{"href":"https:\/\/amanecerbajio.mx\/index.php?rest_route=\/wp\/v2\/posts\/1563","targetHints":{"allow":["GET"]}}],"collection":[{"href":"https:\/\/amanecerbajio.mx\/index.php?rest_route=\/wp\/v2\/posts"}],"about":[{"href":"https:\/\/amanecerbajio.mx\/index.php?rest_route=\/wp\/v2\/types\/post"}],"author":[{"embeddable":true,"href":"https:\/\/amanecerbajio.mx\/index.php?rest_route=\/wp\/v2\/users\/1"}],"replies":[{"embeddable":true,"href":"https:\/\/amanecerbajio.mx\/index.php?rest_route=%2Fwp%2Fv2%2Fcomments&post=1563"}],"version-history":[{"count":1,"href":"https:\/\/amanecerbajio.mx\/index.php?rest_route=\/wp\/v2\/posts\/1563\/revisions"}],"predecessor-version":[{"id":1571,"href":"https:\/\/amanecerbajio.mx\/index.php?rest_route=\/wp\/v2\/posts\/1563\/revisions\/1571"}],"wp:featuredmedia":[{"embeddable":true,"href":"https:\/\/amanecerbajio.mx\/index.php?rest_route=\/wp\/v2\/media\/1564"}],"wp:attachment":[{"href":"https:\/\/amanecerbajio.mx\/index.php?rest_route=%2Fwp%2Fv2%2Fmedia&parent=1563"}],"wp:term":[{"taxonomy":"category","embeddable":true,"href":"https:\/\/amanecerbajio.mx\/index.php?rest_route=%2Fwp%2Fv2%2Fcategories&post=1563"},{"taxonomy":"post_tag","embeddable":true,"href":"https:\/\/amanecerbajio.mx\/index.php?rest_route=%2Fwp%2Fv2%2Ftags&post=1563"}],"curies":[{"name":"wp","href":"https:\/\/api.w.org\/{rel}","templated":true}]}}