{"id":1556,"date":"2026-04-17T21:18:51","date_gmt":"2026-04-18T03:18:51","guid":{"rendered":"https:\/\/amanecerbajio.mx\/?p=1556"},"modified":"2026-04-17T21:19:06","modified_gmt":"2026-04-18T03:19:06","slug":"guanajuato-celebra-200-anos-de-su-constitucion","status":"publish","type":"post","link":"https:\/\/amanecerbajio.mx\/?p=1556","title":{"rendered":"Guanajuato celebra 200 a\u00f1os de su Constituci\u00f3n"},"content":{"rendered":"\n<ul class=\"wp-block-list\">\n<li><em>En sesi\u00f3n solemne en el Congreso local, los tres poderes del estado conmemoraron el bicentenario del documento que sent\u00f3 las bases de la vida democr\u00e1tica en la entidad.<\/em><\/li>\n<\/ul>\n\n\n\n<p><strong>Guanajuato, Gto., 17 de abril de 2026.<\/strong>&#8211; Los tres poderes del estado conmemoraron el Bicentenario de la Primera Constituci\u00f3n Pol\u00edtica de Guanajuato durante una Sesi\u00f3n Solemne en el Congreso local.<\/p>\n\n\n\n<p>A dos siglos de su promulgaci\u00f3n, este documento hist\u00f3rico no solo representa un cap\u00edtulo fundamental en la historia del estado, sino que contin\u00faa siendo la base sobre la que se construyen las instituciones, la justicia y la convivencia social en Guanajuato.<\/p>\n\n\n\n<figure class=\"wp-block-gallery has-nested-images columns-default is-cropped wp-block-gallery-1 is-layout-flex wp-block-gallery-is-layout-flex\">\n<figure class=\"wp-block-image size-large\"><img decoding=\"async\" width=\"1024\" height=\"613\" data-id=\"1558\" src=\"https:\/\/amanecerbajio.mx\/wp-content\/uploads\/2026\/04\/Conmemoracion-del-Bicentenario-de-la-Primera-Constitucion-de-Gto-6-1024x613.jpeg\" alt=\"\" class=\"wp-image-1558\" srcset=\"https:\/\/amanecerbajio.mx\/wp-content\/uploads\/2026\/04\/Conmemoracion-del-Bicentenario-de-la-Primera-Constitucion-de-Gto-6-1024x613.jpeg 1024w, https:\/\/amanecerbajio.mx\/wp-content\/uploads\/2026\/04\/Conmemoracion-del-Bicentenario-de-la-Primera-Constitucion-de-Gto-6-300x180.jpeg 300w, https:\/\/amanecerbajio.mx\/wp-content\/uploads\/2026\/04\/Conmemoracion-del-Bicentenario-de-la-Primera-Constitucion-de-Gto-6-768x460.jpeg 768w, https:\/\/amanecerbajio.mx\/wp-content\/uploads\/2026\/04\/Conmemoracion-del-Bicentenario-de-la-Primera-Constitucion-de-Gto-6-1536x920.jpeg 1536w, https:\/\/amanecerbajio.mx\/wp-content\/uploads\/2026\/04\/Conmemoracion-del-Bicentenario-de-la-Primera-Constitucion-de-Gto-6-750x449.jpeg 750w, https:\/\/amanecerbajio.mx\/wp-content\/uploads\/2026\/04\/Conmemoracion-del-Bicentenario-de-la-Primera-Constitucion-de-Gto-6-1140x683.jpeg 1140w, https:\/\/amanecerbajio.mx\/wp-content\/uploads\/2026\/04\/Conmemoracion-del-Bicentenario-de-la-Primera-Constitucion-de-Gto-6.jpeg 1600w\" sizes=\"(max-width: 1024px) 100vw, 1024px\" \/><\/figure>\n\n\n\n<figure class=\"wp-block-image size-large\"><img decoding=\"async\" width=\"1024\" height=\"682\" data-id=\"1559\" src=\"https:\/\/amanecerbajio.mx\/wp-content\/uploads\/2026\/04\/Conmemoracion-del-Bicentenario-de-la-Primera-Constitucion-de-Gto-1-1024x682.jpeg\" alt=\"\" class=\"wp-image-1559\" srcset=\"https:\/\/amanecerbajio.mx\/wp-content\/uploads\/2026\/04\/Conmemoracion-del-Bicentenario-de-la-Primera-Constitucion-de-Gto-1-1024x682.jpeg 1024w, https:\/\/amanecerbajio.mx\/wp-content\/uploads\/2026\/04\/Conmemoracion-del-Bicentenario-de-la-Primera-Constitucion-de-Gto-1-300x200.jpeg 300w, https:\/\/amanecerbajio.mx\/wp-content\/uploads\/2026\/04\/Conmemoracion-del-Bicentenario-de-la-Primera-Constitucion-de-Gto-1-768x512.jpeg 768w, https:\/\/amanecerbajio.mx\/wp-content\/uploads\/2026\/04\/Conmemoracion-del-Bicentenario-de-la-Primera-Constitucion-de-Gto-1-1536x1023.jpeg 1536w, https:\/\/amanecerbajio.mx\/wp-content\/uploads\/2026\/04\/Conmemoracion-del-Bicentenario-de-la-Primera-Constitucion-de-Gto-1-750x500.jpeg 750w, https:\/\/amanecerbajio.mx\/wp-content\/uploads\/2026\/04\/Conmemoracion-del-Bicentenario-de-la-Primera-Constitucion-de-Gto-1-1140x760.jpeg 1140w, https:\/\/amanecerbajio.mx\/wp-content\/uploads\/2026\/04\/Conmemoracion-del-Bicentenario-de-la-Primera-Constitucion-de-Gto-1.jpeg 1600w\" sizes=\"(max-width: 1024px) 100vw, 1024px\" \/><\/figure>\n\n\n\n<figure class=\"wp-block-image size-large\"><img decoding=\"async\" width=\"1024\" height=\"682\" data-id=\"1560\" src=\"https:\/\/amanecerbajio.mx\/wp-content\/uploads\/2026\/04\/Conmemoracion-del-Bicentenario-de-la-Primera-Constitucion-de-Gto-2-1024x682.jpeg\" alt=\"\" class=\"wp-image-1560\" srcset=\"https:\/\/amanecerbajio.mx\/wp-content\/uploads\/2026\/04\/Conmemoracion-del-Bicentenario-de-la-Primera-Constitucion-de-Gto-2-1024x682.jpeg 1024w, https:\/\/amanecerbajio.mx\/wp-content\/uploads\/2026\/04\/Conmemoracion-del-Bicentenario-de-la-Primera-Constitucion-de-Gto-2-300x200.jpeg 300w, https:\/\/amanecerbajio.mx\/wp-content\/uploads\/2026\/04\/Conmemoracion-del-Bicentenario-de-la-Primera-Constitucion-de-Gto-2-768x512.jpeg 768w, https:\/\/amanecerbajio.mx\/wp-content\/uploads\/2026\/04\/Conmemoracion-del-Bicentenario-de-la-Primera-Constitucion-de-Gto-2-1536x1023.jpeg 1536w, https:\/\/amanecerbajio.mx\/wp-content\/uploads\/2026\/04\/Conmemoracion-del-Bicentenario-de-la-Primera-Constitucion-de-Gto-2-750x500.jpeg 750w, https:\/\/amanecerbajio.mx\/wp-content\/uploads\/2026\/04\/Conmemoracion-del-Bicentenario-de-la-Primera-Constitucion-de-Gto-2-1140x760.jpeg 1140w, https:\/\/amanecerbajio.mx\/wp-content\/uploads\/2026\/04\/Conmemoracion-del-Bicentenario-de-la-Primera-Constitucion-de-Gto-2.jpeg 1600w\" sizes=\"(max-width: 1024px) 100vw, 1024px\" \/><\/figure>\n\n\n\n<figure class=\"wp-block-image size-large\"><img decoding=\"async\" width=\"1024\" height=\"682\" data-id=\"1561\" src=\"https:\/\/amanecerbajio.mx\/wp-content\/uploads\/2026\/04\/Conmemoracion-del-Bicentenario-de-la-Primera-Constitucion-de-Gto-5-1024x682.jpeg\" alt=\"\" class=\"wp-image-1561\" srcset=\"https:\/\/amanecerbajio.mx\/wp-content\/uploads\/2026\/04\/Conmemoracion-del-Bicentenario-de-la-Primera-Constitucion-de-Gto-5-1024x682.jpeg 1024w, https:\/\/amanecerbajio.mx\/wp-content\/uploads\/2026\/04\/Conmemoracion-del-Bicentenario-de-la-Primera-Constitucion-de-Gto-5-300x200.jpeg 300w, https:\/\/amanecerbajio.mx\/wp-content\/uploads\/2026\/04\/Conmemoracion-del-Bicentenario-de-la-Primera-Constitucion-de-Gto-5-768x512.jpeg 768w, https:\/\/amanecerbajio.mx\/wp-content\/uploads\/2026\/04\/Conmemoracion-del-Bicentenario-de-la-Primera-Constitucion-de-Gto-5-1536x1023.jpeg 1536w, https:\/\/amanecerbajio.mx\/wp-content\/uploads\/2026\/04\/Conmemoracion-del-Bicentenario-de-la-Primera-Constitucion-de-Gto-5-750x500.jpeg 750w, https:\/\/amanecerbajio.mx\/wp-content\/uploads\/2026\/04\/Conmemoracion-del-Bicentenario-de-la-Primera-Constitucion-de-Gto-5-1140x760.jpeg 1140w, https:\/\/amanecerbajio.mx\/wp-content\/uploads\/2026\/04\/Conmemoracion-del-Bicentenario-de-la-Primera-Constitucion-de-Gto-5.jpeg 1600w\" sizes=\"(max-width: 1024px) 100vw, 1024px\" \/><\/figure>\n<\/figure>\n\n\n\n<p>En 1826 la entidad estableci\u00f3 su primera Constituci\u00f3n, marcando el inicio de un sistema basado en la divisi\u00f3n de poderes, el reconocimiento de derechos fundamentales y el respeto a la voluntad popular. Principios que siguen vigentes en la vida p\u00fablica.<\/p>\n\n\n\n<p>Durante la ceremonia, la gobernadora Libia Dennise Garc\u00eda Mu\u00f1oz Ledo subray\u00f3 que este ordenamiento jur\u00eddico es el reflejo de un pacto social que ha permitido consolidar un Estado de Derecho s\u00f3lido y cercano a la ciudadan\u00eda.<\/p>\n\n\n\n<p>En su mensaje, destac\u00f3 que los desaf\u00edos actuales deben enfrentarse desde la legalidad, el orden y el respeto institucional, valores heredados por quienes dieron forma al Guanajuato moderno. Adem\u00e1s, reiter\u00f3 que ejercer el poder implica una responsabilidad permanente con la sociedad y un compromiso firme con la ley.<\/p>\n\n\n\n<p>Por su parte, la presidenta del Supremo Tribunal de Justicia, Alma Delia Camacho Patl\u00e1n, record\u00f3 que la Constituci\u00f3n de 1826 fue clave para establecer un sistema jur\u00eddico que garantizara la igualdad ante la ley y el acceso a una justicia pronta e imparcial. Se\u00f1al\u00f3 que cada resoluci\u00f3n judicial tiene un impacto directo en la vida de las personas, por lo que el actuar del Poder Judicial debe mantenerse siempre bajo los principios de legalidad y servicio.<\/p>\n\n\n\n<p>Desde el Poder Legislativo, la diputada Martha Edith Moreno Valencia resalt\u00f3 que este documento sigue siendo el eje que orienta la vida p\u00fablica del estado. Adem\u00e1s, record\u00f3 que el Congreso declar\u00f3 este 2026 como el A\u00f1o del Bicentenario de la Primera Constituci\u00f3n Pol\u00edtica de Guanajuato, una iniciativa que busca reconocer el legado hist\u00f3rico y fortalecer la participaci\u00f3n democr\u00e1tica.<\/p>\n\n\n\n<p>La conmemoraci\u00f3n reuni\u00f3 a representantes de los tres poderes, integrantes del gabinete estatal, alcaldes, estudiantes y ciudadan\u00eda en general, en un acto que evoc\u00f3 la historia y reafirm\u00f3 el compromiso de seguir construyendo un Guanajuato donde la ley, la justicia y la participaci\u00f3n social sean pilares del bienestar colectivo.<\/p>\n\n\n\n<p>Hoy, a 200 a\u00f1os de distancia, la Constituci\u00f3n se vive en cada decisi\u00f3n p\u00fablica, en cada instituci\u00f3n y en cada acci\u00f3n que busca construir un estado m\u00e1s justo para todas y todos.<\/p>\n","protected":false},"excerpt":{"rendered":"<p>Guanajuato, Gto., 17 de abril de 2026.&#8211; Los tres poderes del estado conmemoraron el Bicentenario de la Primera Constituci\u00f3n Pol\u00edtica de Guanajuato durante una Sesi\u00f3n Solemne en el Congreso local. A dos siglos de su promulgaci\u00f3n, este documento hist\u00f3rico no solo representa un cap\u00edtulo fundamental en la historia del estado, sino que contin\u00faa siendo la [&hellip;]<\/p>\n","protected":false},"author":1,"featured_media":1557,"comment_status":"open","ping_status":"open","sticky":false,"template":"","format":"standard","meta":{"jnews-multi-image_gallery":[],"jnews_single_post":{"format":"standard"},"jnews_primary_category":[],"jnews_social_meta":[],"jnews_override_counter":[],"footnotes":""},"categories":[66,74,59],"tags":[473,472,249,109,329],"class_list":["post-1556","post","type-post","status-publish","format-standard","has-post-thumbnail","hentry","category-agenda-publica","category-informacion-cultural-turistica-e-historica","category-noticias-que-si-importan","tag-200-anos","tag-constitucion","tag-democracia","tag-guanajuato","tag-historia"],"_links":{"self":[{"href":"https:\/\/amanecerbajio.mx\/index.php?rest_route=\/wp\/v2\/posts\/1556","targetHints":{"allow":["GET"]}}],"collection":[{"href":"https:\/\/amanecerbajio.mx\/index.php?rest_route=\/wp\/v2\/posts"}],"about":[{"href":"https:\/\/amanecerbajio.mx\/index.php?rest_route=\/wp\/v2\/types\/post"}],"author":[{"embeddable":true,"href":"https:\/\/amanecerbajio.mx\/index.php?rest_route=\/wp\/v2\/users\/1"}],"replies":[{"embeddable":true,"href":"https:\/\/amanecerbajio.mx\/index.php?rest_route=%2Fwp%2Fv2%2Fcomments&post=1556"}],"version-history":[{"count":1,"href":"https:\/\/amanecerbajio.mx\/index.php?rest_route=\/wp\/v2\/posts\/1556\/revisions"}],"predecessor-version":[{"id":1562,"href":"https:\/\/amanecerbajio.mx\/index.php?rest_route=\/wp\/v2\/posts\/1556\/revisions\/1562"}],"wp:featuredmedia":[{"embeddable":true,"href":"https:\/\/amanecerbajio.mx\/index.php?rest_route=\/wp\/v2\/media\/1557"}],"wp:attachment":[{"href":"https:\/\/amanecerbajio.mx\/index.php?rest_route=%2Fwp%2Fv2%2Fmedia&parent=1556"}],"wp:term":[{"taxonomy":"category","embeddable":true,"href":"https:\/\/amanecerbajio.mx\/index.php?rest_route=%2Fwp%2Fv2%2Fcategories&post=1556"},{"taxonomy":"post_tag","embeddable":true,"href":"https:\/\/amanecerbajio.mx\/index.php?rest_route=%2Fwp%2Fv2%2Ftags&post=1556"}],"curies":[{"name":"wp","href":"https:\/\/api.w.org\/{rel}","templated":true}]}}