{"id":1546,"date":"2026-04-16T19:19:41","date_gmt":"2026-04-17T01:19:41","guid":{"rendered":"https:\/\/amanecerbajio.mx\/?p=1546"},"modified":"2026-04-16T19:19:52","modified_gmt":"2026-04-17T01:19:52","slug":"busca-el-diputado-alan-marquez-que-se-tipifique-como-delito-el-robo-de-identidad-con-inteligencia-artificial","status":"publish","type":"post","link":"https:\/\/amanecerbajio.mx\/?p=1546","title":{"rendered":"Busca el diputado Alan M\u00e1rquez que se tipifique como delito el robo de identidad con Inteligencia Artificial"},"content":{"rendered":"\n<ul class=\"wp-block-list\">\n<li><strong>Propone penas de hasta 10 a\u00f1os de prisi\u00f3n por crear o difundir im\u00e1genes, videos o audios sin consentimiento<\/strong>.<\/li>\n<\/ul>\n\n\n\n<p><strong>Cd de M\u00e9xico, 16 de abril de 2026-.<\/strong> En un contexto donde la tecnolog\u00eda avanza m\u00e1s r\u00e1pido que las leyes, el diputado federal Alan M\u00e1rquez impulsa una iniciativa de ley para frenar uno de los riesgos m\u00e1s preocupantes de la era digital: el robo de identidad mediante inteligencia artificial.<\/p>\n\n\n\n<p>La propuesta plantea reformar el C\u00f3digo Penal Federal para tipificar como delito la creaci\u00f3n, manipulaci\u00f3n o difusi\u00f3n de im\u00e1genes, videos, audios y otros contenidos que utilicen la identidad de una persona sin su autorizaci\u00f3n, especialmente cuando se haga con fines de fraude, enga\u00f1o o da\u00f1o.<\/p>\n\n\n\n<p>Actualmente, aunque la Constituci\u00f3n reconoce el derecho a la protecci\u00f3n de datos personales y a la identidad, el pa\u00eds no cuenta con una legislaci\u00f3n espec\u00edfica que castigue estas nuevas formas de suplantaci\u00f3n digital. Esta laguna legal deja expuestos a millones de mexicanos frente a herramientas tecnol\u00f3gicas capaces de replicar rostros, voces y comportamientos con gran precisi\u00f3n.<\/p>\n\n\n\n<p>De acuerdo con la iniciativa presentada por el legislador guanajuatense, el delito de robo de identidad incluir\u00eda el uso de inteligencia artificial o tecnolog\u00edas de la informaci\u00f3n para obtener, manipular o utilizar datos personales sin consentimiento, con el objetivo de hacerse pasar por alguien m\u00e1s.<\/p>\n\n\n\n<p>Las sanciones propuestas van de 4 a 10 a\u00f1os de prisi\u00f3n, adem\u00e1s de multas. En casos donde la identidad robada sea utilizada para cometer fraudes, generar desinformaci\u00f3n o da\u00f1ar la reputaci\u00f3n de una persona \u2014por ejemplo, mediante la clonaci\u00f3n de su voz o imagen\u2014, las penas podr\u00edan aumentar hasta en una mitad.<\/p>\n\n\n\n<p>Otro punto relevante es que las plataformas digitales y redes sociales estar\u00edan obligadas a detectar y eliminar de forma inmediata el contenido que vulnere la identidad de las personas. Para ello, tendr\u00edan un plazo de 90 d\u00edas para implementar mecanismos que permitan cumplir con esta responsabilidad una vez que la ley entre en vigor.<\/p>\n\n\n\n<p>El robo de identidad no es un problema nuevo, pero s\u00ed uno que ha evolucionado. Antes se limitaba a la falsificaci\u00f3n de documentos; hoy, con la inteligencia artificial, puede ocurrir en cuesti\u00f3n de minutos y con impactos mucho m\u00e1s amplios, desde fraudes financieros hasta campa\u00f1as de desprestigio.<\/p>\n\n\n\n<p>La iniciativa busca responder a esta nueva realidad digital, estableciendo reglas claras que protejan a las personas sin frenar el desarrollo tecnol\u00f3gico. El objetivo es claro: que la innovaci\u00f3n siga siendo una herramienta de progreso, y no un riesgo para la seguridad, la privacidad y la dignidad de la ciudadan\u00eda.<\/p>\n\n\n\n<figure class=\"wp-block-gallery has-nested-images columns-default is-cropped wp-block-gallery-1 is-layout-flex wp-block-gallery-is-layout-flex\">\n<figure class=\"wp-block-image size-large\"><img decoding=\"async\" width=\"524\" height=\"1024\" data-id=\"1548\" src=\"https:\/\/amanecerbajio.mx\/wp-content\/uploads\/2026\/04\/ALAN-INICIATIVA-IA2-524x1024.jpeg\" alt=\"\" class=\"wp-image-1548\" srcset=\"https:\/\/amanecerbajio.mx\/wp-content\/uploads\/2026\/04\/ALAN-INICIATIVA-IA2-524x1024.jpeg 524w, https:\/\/amanecerbajio.mx\/wp-content\/uploads\/2026\/04\/ALAN-INICIATIVA-IA2-153x300.jpeg 153w, https:\/\/amanecerbajio.mx\/wp-content\/uploads\/2026\/04\/ALAN-INICIATIVA-IA2-768x1502.jpeg 768w, https:\/\/amanecerbajio.mx\/wp-content\/uploads\/2026\/04\/ALAN-INICIATIVA-IA2-785x1536.jpeg 785w, https:\/\/amanecerbajio.mx\/wp-content\/uploads\/2026\/04\/ALAN-INICIATIVA-IA2-750x1467.jpeg 750w, https:\/\/amanecerbajio.mx\/wp-content\/uploads\/2026\/04\/ALAN-INICIATIVA-IA2.jpeg 818w\" sizes=\"(max-width: 524px) 100vw, 524px\" \/><figcaption class=\"wp-element-caption\">Con el uso de la IA se pueden crear im\u00e1genes de personas sin su consentimiento. <\/figcaption><\/figure>\n\n\n\n<figure class=\"wp-block-image size-large\"><img decoding=\"async\" width=\"550\" height=\"1024\" data-id=\"1550\" src=\"https:\/\/amanecerbajio.mx\/wp-content\/uploads\/2026\/04\/ALAN-INICIATIVA-IA4-550x1024.jpeg\" alt=\"\" class=\"wp-image-1550\" srcset=\"https:\/\/amanecerbajio.mx\/wp-content\/uploads\/2026\/04\/ALAN-INICIATIVA-IA4-550x1024.jpeg 550w, https:\/\/amanecerbajio.mx\/wp-content\/uploads\/2026\/04\/ALAN-INICIATIVA-IA4-161x300.jpeg 161w, https:\/\/amanecerbajio.mx\/wp-content\/uploads\/2026\/04\/ALAN-INICIATIVA-IA4-768x1429.jpeg 768w, https:\/\/amanecerbajio.mx\/wp-content\/uploads\/2026\/04\/ALAN-INICIATIVA-IA4-826x1536.jpeg 826w, https:\/\/amanecerbajio.mx\/wp-content\/uploads\/2026\/04\/ALAN-INICIATIVA-IA4-750x1395.jpeg 750w, https:\/\/amanecerbajio.mx\/wp-content\/uploads\/2026\/04\/ALAN-INICIATIVA-IA4.jpeg 860w\" sizes=\"(max-width: 550px) 100vw, 550px\" \/><\/figure>\n\n\n\n<figure class=\"wp-block-image size-large\"><img decoding=\"async\" width=\"593\" height=\"1024\" data-id=\"1551\" src=\"https:\/\/amanecerbajio.mx\/wp-content\/uploads\/2026\/04\/ALAN-INICIATIVA-IA5-593x1024.jpeg\" alt=\"\" class=\"wp-image-1551\" srcset=\"https:\/\/amanecerbajio.mx\/wp-content\/uploads\/2026\/04\/ALAN-INICIATIVA-IA5-593x1024.jpeg 593w, https:\/\/amanecerbajio.mx\/wp-content\/uploads\/2026\/04\/ALAN-INICIATIVA-IA5-174x300.jpeg 174w, https:\/\/amanecerbajio.mx\/wp-content\/uploads\/2026\/04\/ALAN-INICIATIVA-IA5-768x1327.jpeg 768w, https:\/\/amanecerbajio.mx\/wp-content\/uploads\/2026\/04\/ALAN-INICIATIVA-IA5-889x1536.jpeg 889w, https:\/\/amanecerbajio.mx\/wp-content\/uploads\/2026\/04\/ALAN-INICIATIVA-IA5-750x1296.jpeg 750w, https:\/\/amanecerbajio.mx\/wp-content\/uploads\/2026\/04\/ALAN-INICIATIVA-IA5.jpeg 926w\" sizes=\"(max-width: 593px) 100vw, 593px\" \/><\/figure>\n<\/figure>\n","protected":false},"excerpt":{"rendered":"<p>Cd de M\u00e9xico, 16 de abril de 2026-. En un contexto donde la tecnolog\u00eda avanza m\u00e1s r\u00e1pido que las leyes, el diputado federal Alan M\u00e1rquez impulsa una iniciativa de ley para frenar uno de los riesgos m\u00e1s preocupantes de la era digital: el robo de identidad mediante inteligencia artificial. La propuesta plantea reformar el C\u00f3digo [&hellip;]<\/p>\n","protected":false},"author":1,"featured_media":1547,"comment_status":"open","ping_status":"open","sticky":false,"template":"","format":"standard","meta":{"jnews-multi-image_gallery":[],"jnews_single_post":{"format":"standard"},"jnews_primary_category":[],"jnews_social_meta":[],"jnews_override_counter":[],"footnotes":""},"categories":[66,59],"tags":[470,468,96,469],"class_list":["post-1546","post","type-post","status-publish","format-standard","has-post-thumbnail","hentry","category-agenda-publica","category-noticias-que-si-importan","tag-alan-sahir","tag-inteligencia-artificial","tag-mexico","tag-robo-de-identidad"],"_links":{"self":[{"href":"https:\/\/amanecerbajio.mx\/index.php?rest_route=\/wp\/v2\/posts\/1546","targetHints":{"allow":["GET"]}}],"collection":[{"href":"https:\/\/amanecerbajio.mx\/index.php?rest_route=\/wp\/v2\/posts"}],"about":[{"href":"https:\/\/amanecerbajio.mx\/index.php?rest_route=\/wp\/v2\/types\/post"}],"author":[{"embeddable":true,"href":"https:\/\/amanecerbajio.mx\/index.php?rest_route=\/wp\/v2\/users\/1"}],"replies":[{"embeddable":true,"href":"https:\/\/amanecerbajio.mx\/index.php?rest_route=%2Fwp%2Fv2%2Fcomments&post=1546"}],"version-history":[{"count":2,"href":"https:\/\/amanecerbajio.mx\/index.php?rest_route=\/wp\/v2\/posts\/1546\/revisions"}],"predecessor-version":[{"id":1553,"href":"https:\/\/amanecerbajio.mx\/index.php?rest_route=\/wp\/v2\/posts\/1546\/revisions\/1553"}],"wp:featuredmedia":[{"embeddable":true,"href":"https:\/\/amanecerbajio.mx\/index.php?rest_route=\/wp\/v2\/media\/1547"}],"wp:attachment":[{"href":"https:\/\/amanecerbajio.mx\/index.php?rest_route=%2Fwp%2Fv2%2Fmedia&parent=1546"}],"wp:term":[{"taxonomy":"category","embeddable":true,"href":"https:\/\/amanecerbajio.mx\/index.php?rest_route=%2Fwp%2Fv2%2Fcategories&post=1546"},{"taxonomy":"post_tag","embeddable":true,"href":"https:\/\/amanecerbajio.mx\/index.php?rest_route=%2Fwp%2Fv2%2Ftags&post=1546"}],"curies":[{"name":"wp","href":"https:\/\/api.w.org\/{rel}","templated":true}]}}