{"id":1542,"date":"2026-04-15T21:31:05","date_gmt":"2026-04-16T03:31:05","guid":{"rendered":"https:\/\/amanecerbajio.mx\/?p=1542"},"modified":"2026-04-15T21:31:18","modified_gmt":"2026-04-16T03:31:18","slug":"senado-da-paso-clave-contra-el-feminicidio-aprueban-reforma-para-una-ley-nacional","status":"publish","type":"post","link":"https:\/\/amanecerbajio.mx\/?p=1542","title":{"rendered":"Senado da paso clave contra el feminicidio: aprueban reforma para una ley nacional"},"content":{"rendered":"\n<ul class=\"wp-block-list\">\n<li><strong><em>El proyecto de decreto, remitido a la C\u00e1mara de Diputados, faculta al Congreso de la Uni\u00f3n para expedir una ley general en materia de feminicidio.<\/em><\/strong><\/li>\n<\/ul>\n\n\n\n<p>Ciudad de M\u00e9xico 15 de abril de 2026.- En un hecho que marca un momento decisivo en la lucha por la justicia y la protecci\u00f3n de las mujeres, el Senado de la Rep\u00fablica aprob\u00f3 por unanimidad una reforma constitucional que busca fortalecer el combate al feminicidio en todo el pa\u00eds.<\/p>\n\n\n\n<p>Con 109 votos a favor, el Pleno aval\u00f3 modificaciones al art\u00edculo 73 de la Constituci\u00f3n, con el objetivo de otorgar al Congreso de la Uni\u00f3n la facultad de crear una ley general en materia de feminicidio. Esta propuesta ya fue turnada a la C\u00e1mara de Diputados para continuar su proceso legislativo.<\/p>\n\n\n\n<p>La reforma abre la puerta a la construcci\u00f3n de un marco legal \u00fanico en M\u00e9xico, que permita definir con claridad este delito, establecer sanciones m\u00e1s precisas y, sobre todo, homologar criterios para su investigaci\u00f3n y persecuci\u00f3n en todas las entidades del pa\u00eds. Actualmente, el feminicidio se tipifica de manera distinta en cada estado, lo que ha generado vac\u00edos legales y dificultades para acceder a la justicia.<\/p>\n\n\n\n<p>El dictamen tiene su origen en una iniciativa impulsada por la presidenta Claudia Sheinbaum Pardo, y plantea la creaci\u00f3n de una legislaci\u00f3n que articule esfuerzos entre los distintos niveles de gobierno, con una visi\u00f3n integral que permita prevenir, investigar, sancionar y erradicar la violencia contra mujeres y ni\u00f1as.<\/p>\n\n\n\n<p>Uno de los puntos m\u00e1s relevantes es que esta nueva ley buscar\u00e1 garantizar el acceso efectivo a la justicia para las v\u00edctimas, as\u00ed como mecanismos de reparaci\u00f3n del da\u00f1o. Adem\u00e1s, contempla reforzar la protecci\u00f3n de ni\u00f1as, ni\u00f1os y adolescentes que quedan en situaci\u00f3n de orfandad tras un feminicidio, una realidad que muchas veces permanece invisibilizada.<\/p>\n\n\n\n<p>Durante la discusi\u00f3n, el presidente de la Comisi\u00f3n de Puntos Constitucionales, \u00d3scar Cant\u00f3n Zetina, subray\u00f3 la dimensi\u00f3n urgente de este problema. Se\u00f1al\u00f3 que una gran proporci\u00f3n de los feminicidios en M\u00e9xico ocurre en el entorno cercano de las v\u00edctimas, lo que evidencia una deuda hist\u00f3rica marcada por la impunidad y la falta de respuestas contundentes.<\/p>\n\n\n\n<p>Aunque la reforma no implica un impacto presupuestal inmediato, s\u00ed representa un paso firme hacia la construcci\u00f3n de una pol\u00edtica nacional m\u00e1s s\u00f3lida y coordinada frente a la violencia de g\u00e9nero.<\/p>\n\n\n\n<p>M\u00e1s all\u00e1 de los n\u00fameros y los procesos legislativos, este avance refleja una exigencia social cada vez m\u00e1s clara: que ninguna mujer viva con miedo y que cada caso encuentre justicia.<\/p>\n","protected":false},"excerpt":{"rendered":"<p>Ciudad de M\u00e9xico 15 de abril de 2026.- En un hecho que marca un momento decisivo en la lucha por la justicia y la protecci\u00f3n de las mujeres, el Senado de la Rep\u00fablica aprob\u00f3 por unanimidad una reforma constitucional que busca fortalecer el combate al feminicidio en todo el pa\u00eds. Con 109 votos a favor, [&hellip;]<\/p>\n","protected":false},"author":1,"featured_media":1543,"comment_status":"open","ping_status":"open","sticky":false,"template":"","format":"standard","meta":{"jnews-multi-image_gallery":[],"jnews_single_post":{"format":"standard"},"jnews_primary_category":[],"jnews_social_meta":[],"jnews_override_counter":[],"footnotes":""},"categories":[61,66,59,64,65],"tags":[466,96,137,465],"class_list":["post-1542","post","type-post","status-publish","format-standard","has-post-thumbnail","hentry","category-atencion","category-agenda-publica","category-noticias-que-si-importan","category-programas-sociales","category-servicios-publicos","tag-feminicidio","tag-mexico","tag-mujeres","tag-senado"],"_links":{"self":[{"href":"https:\/\/amanecerbajio.mx\/index.php?rest_route=\/wp\/v2\/posts\/1542","targetHints":{"allow":["GET"]}}],"collection":[{"href":"https:\/\/amanecerbajio.mx\/index.php?rest_route=\/wp\/v2\/posts"}],"about":[{"href":"https:\/\/amanecerbajio.mx\/index.php?rest_route=\/wp\/v2\/types\/post"}],"author":[{"embeddable":true,"href":"https:\/\/amanecerbajio.mx\/index.php?rest_route=\/wp\/v2\/users\/1"}],"replies":[{"embeddable":true,"href":"https:\/\/amanecerbajio.mx\/index.php?rest_route=%2Fwp%2Fv2%2Fcomments&post=1542"}],"version-history":[{"count":1,"href":"https:\/\/amanecerbajio.mx\/index.php?rest_route=\/wp\/v2\/posts\/1542\/revisions"}],"predecessor-version":[{"id":1544,"href":"https:\/\/amanecerbajio.mx\/index.php?rest_route=\/wp\/v2\/posts\/1542\/revisions\/1544"}],"wp:featuredmedia":[{"embeddable":true,"href":"https:\/\/amanecerbajio.mx\/index.php?rest_route=\/wp\/v2\/media\/1543"}],"wp:attachment":[{"href":"https:\/\/amanecerbajio.mx\/index.php?rest_route=%2Fwp%2Fv2%2Fmedia&parent=1542"}],"wp:term":[{"taxonomy":"category","embeddable":true,"href":"https:\/\/amanecerbajio.mx\/index.php?rest_route=%2Fwp%2Fv2%2Fcategories&post=1542"},{"taxonomy":"post_tag","embeddable":true,"href":"https:\/\/amanecerbajio.mx\/index.php?rest_route=%2Fwp%2Fv2%2Ftags&post=1542"}],"curies":[{"name":"wp","href":"https:\/\/api.w.org\/{rel}","templated":true}]}}